{"id":1152,"date":"2024-08-06T08:12:00","date_gmt":"2024-08-06T08:12:00","guid":{"rendered":"https:\/\/www.fronteacciaiocromato.art\/?p=1152"},"modified":"2026-03-30T07:53:33","modified_gmt":"2026-03-30T06:53:33","slug":"scavi3030","status":"publish","type":"post","link":"https:\/\/www.fronteacciaiocromato.art\/it\/scavi3030\/","title":{"rendered":"Scavi3030"},"content":{"rendered":"<div class=\"wp-block-columns are-vertically-aligned-center is-layout-flex wp-container-core-columns-is-layout-65deacd7 wp-block-columns-is-layout-flex\" style=\"padding-top:20px;padding-bottom:20px\">\n<div class=\"wp-block-column is-vertically-aligned-center is-layout-flow wp-block-column-is-layout-flow\" style=\"flex-basis:66.66%\">\n<p class=\"wp-block-paragraph\">La storia \u00e8 ambientata in un futuro distopico, nell'anno 3030. In questo mondo, la Terra non \u00e8 pi\u00f9 plasmata dal suo passato, ma \u00e8 sovrastata da una civilt\u00e0 tecnologicamente avanzata che ha letteralmente costruito sulle tracce delle societ\u00e0 precedenti. La nostra narrazione inizia a Carrara, dove gli studenti della Nuova Accademia delle Scienze scoprono tre busti in marmo durante uno scavo archeologico in un'ex citt\u00e0 mineraria. Questi busti recano il nome \u201cSALVINI\u201d e sono datati 2029, un momento cruciale per il passato immaginario dell'opera.<\/p>\n<\/div>\n\n\n\n<div class=\"wp-block-column is-vertically-aligned-center is-layout-flow wp-block-column-is-layout-flow\" style=\"flex-basis:33.33%\">\n<figure class=\"wp-block-video\"><video  style=\"\"  autoplay loop muted src=\"https:\/\/www.fronteacciaiocromato.art\/wp-content\/uploads\/2024\/08\/Scavi3030-video-1.mp4\" playsinline><\/video><\/figure>\n<\/div>\n<\/div>\n\n\n\n<div class=\"wp-block-columns are-vertically-aligned-center is-layout-flex wp-container-core-columns-is-layout-65deacd7 wp-block-columns-is-layout-flex\" style=\"padding-top:20px;padding-bottom:20px\">\n<div class=\"wp-block-column is-vertically-aligned-center is-layout-flow wp-block-column-is-layout-flow\" style=\"flex-basis:25%\">\n<figure class=\"wp-block-image size-large has-custom-border\"><img fetchpriority=\"high\" decoding=\"async\" width=\"768\" height=\"1024\" src=\"https:\/\/www.fronteacciaiocromato.art\/wp-content\/uploads\/2025\/02\/Scavi3030-1-768x1024.webp\" alt=\"\" class=\"wp-image-1682\" style=\"border-top-left-radius:5px;border-top-right-radius:5px;border-bottom-left-radius:5px;border-bottom-right-radius:5px\" srcset=\"https:\/\/www.fronteacciaiocromato.art\/wp-content\/uploads\/2025\/02\/Scavi3030-1-768x1024.webp 768w, https:\/\/www.fronteacciaiocromato.art\/wp-content\/uploads\/2025\/02\/Scavi3030-1-225x300.webp 225w, https:\/\/www.fronteacciaiocromato.art\/wp-content\/uploads\/2025\/02\/Scavi3030-1-1152x1536.webp 1152w, https:\/\/www.fronteacciaiocromato.art\/wp-content\/uploads\/2025\/02\/Scavi3030-1-1536x2048.webp 1536w, https:\/\/www.fronteacciaiocromato.art\/wp-content\/uploads\/2025\/02\/Scavi3030-1-600x800.webp 600w, https:\/\/www.fronteacciaiocromato.art\/wp-content\/uploads\/2025\/02\/Scavi3030-1-scaled.webp 1920w\" sizes=\"(max-width: 768px) 100vw, 768px\" \/><\/figure>\n<\/div>\n\n\n\n<div class=\"wp-block-column is-vertically-aligned-center is-layout-flow wp-block-column-is-layout-flow\" style=\"flex-basis:75%\">\n<p class=\"wp-block-paragraph\">La messa in scena e i dettagli di questa scoperta evocano eventi storici reali, come la rimozione dei simboli dei regimi caduti, invitando a riflettere sulla natura ciclica della storia e sul rapporto tra identit\u00e0 collettiva e memoria politica. Al centro della narrazione c'\u00e8 la controversa figura di Salvini, ipotetico leader della \u201cSuperLega\u201d. Il suo culto della personalit\u00e0, la sua caduta e la sua successiva cancellazione dalla storia costituiscono una critica acuta alle correnti populiste e autoritarie che plasmano il nostro presente.<\/p>\n<\/div>\n<\/div>\n\n\n\n<div class=\"wp-block-columns are-vertically-aligned-center is-layout-flex wp-container-core-columns-is-layout-65deacd7 wp-block-columns-is-layout-flex\" style=\"padding-top:20px;padding-bottom:20px\">\n<div class=\"wp-block-column is-vertically-aligned-center is-layout-flow wp-block-column-is-layout-flow\" style=\"flex-basis:66%\">\n<p class=\"wp-block-paragraph\">Abbiamo cercato di giocare con l'idea che una scoperta apparentemente banale, tre piccoli busti, potesse servire come chiave per decifrare la complessit\u00e0 della storia. Questi busti non sono semplici reliquie, ma simboleggiano il tentativo di preservare un'ideologia e una figura che, nella linea temporale immaginaria di SCAVI3030, sono state relegate nell'oblio dal crollo politico dell'Italia nel 2029. Abbiamo cercato di tracciare un parallelo tra questo contesto immaginario e processi storici reali, come la rimozione dei simboli dei regimi falliti, affrontando al contempo le sfide attuali poste dai movimenti populisti e autoritari.<\/p>\n<\/div>\n\n\n\n<div class=\"wp-block-column is-vertically-aligned-center is-layout-flow wp-block-column-is-layout-flow\" style=\"flex-basis:34%\">\n<figure class=\"wp-block-image size-large has-custom-border\"><img decoding=\"async\" width=\"1024\" height=\"768\" src=\"https:\/\/www.fronteacciaiocromato.art\/wp-content\/uploads\/2025\/02\/Scavi3030-2-1024x768.webp\" alt=\"\" class=\"wp-image-1683\" style=\"border-top-left-radius:5px;border-top-right-radius:5px;border-bottom-left-radius:5px;border-bottom-right-radius:5px\" srcset=\"https:\/\/www.fronteacciaiocromato.art\/wp-content\/uploads\/2025\/02\/Scavi3030-2-1024x768.webp 1024w, https:\/\/www.fronteacciaiocromato.art\/wp-content\/uploads\/2025\/02\/Scavi3030-2-300x225.webp 300w, https:\/\/www.fronteacciaiocromato.art\/wp-content\/uploads\/2025\/02\/Scavi3030-2-768x576.webp 768w, https:\/\/www.fronteacciaiocromato.art\/wp-content\/uploads\/2025\/02\/Scavi3030-2-1536x1152.webp 1536w, https:\/\/www.fronteacciaiocromato.art\/wp-content\/uploads\/2025\/02\/Scavi3030-2-2048x1536.webp 2048w, https:\/\/www.fronteacciaiocromato.art\/wp-content\/uploads\/2025\/02\/Scavi3030-2-600x450.webp 600w\" sizes=\"(max-width: 1024px) 100vw, 1024px\" \/><\/figure>\n<\/div>\n<\/div>\n\n\n\n<p class=\"wp-block-paragraph\">L'installazione finale, intitolata \u201c\u00c8 necessario prevenire il male\u201d, \u00e8 il nostro tentativo di sintetizzare il significato dell'opera in modo ironico ma profondo. I busti, esposti in vari stadi di degrado, dalla sepoltura alla presentazione museale, simboleggiano l'ambivalenza del potere: esso pu\u00f2 essere glorificato, ma anche rapidamente eroso. Attraverso questa messa in scena volutamente provocatoria, abbiamo cercato di incoraggiare il pubblico a interrogarsi sul significato e sull'influenza dei simboli nella storia, senza perdere il senso dell'umorismo che consideriamo essenziale per rendere pi\u00f9 accessibili argomenti seri.<\/p>\n\n\n\n<div class=\"wp-block-columns are-vertically-aligned-center is-layout-flex wp-container-core-columns-is-layout-65deacd7 wp-block-columns-is-layout-flex\" style=\"padding-top:20px;padding-bottom:20px\">\n<div class=\"wp-block-column is-vertically-aligned-center is-layout-flow wp-block-column-is-layout-flow\" style=\"flex-basis:25%\">\n<figure class=\"wp-block-video\"><video  style=\"\"  autoplay loop muted src=\"https:\/\/www.fronteacciaiocromato.art\/wp-content\/uploads\/2024\/08\/Scavi3030-video-2.mp4\" playsinline><\/video><\/figure>\n<\/div>\n\n\n\n<div class=\"wp-block-column is-vertically-aligned-center is-layout-flow wp-block-column-is-layout-flow\" style=\"flex-basis:75%\">\n<p class=\"wp-block-paragraph\">La scelta del marmo e della ceramica non \u00e8 stata casuale. Questi materiali, tradizionalmente associati alla permanenza e all'arte classica, servono qui a contrastare la transitoriet\u00e0 e la fragilit\u00e0 delle ideologie. La rappresentazione dei busti \u00e8 volutamente imperfetta, mostrando segni visibili di usura e frammentazione, per visualizzare i processi di decadimento e ricordo.<\/p>\n<\/div>\n<\/div>\n\n\n\n<div class=\"wp-block-columns are-vertically-aligned-center is-layout-flex wp-container-core-columns-is-layout-65deacd7 wp-block-columns-is-layout-flex\" style=\"padding-top:20px;padding-bottom:20px\">\n<div class=\"wp-block-column is-vertically-aligned-center is-layout-flow wp-block-column-is-layout-flow\" style=\"flex-basis:75%\">\n<p class=\"wp-block-paragraph\">Con SCAVI3030, la nostra intenzione non \u00e8 quella di predicare, ma di ispirare. L'idea di confrontare il pubblico con un futuro archeologico che tratta il nostro presente come un passato lontano, quasi mitico, crea uno spazio di riflessione. Cosa rimarr\u00e0 di noi quando tutto ci\u00f2 che oggi consideriamo significativo scomparir\u00e0 nella polvere della storia? Quale responsabilit\u00e0 abbiamo come societ\u00e0 nel preservare le lezioni del passato, esaminandole al contempo in modo critico?<\/p>\n<\/div>\n\n\n\n<div class=\"wp-block-column is-vertically-aligned-center is-layout-flow wp-block-column-is-layout-flow\" style=\"flex-basis:25%\">\n<figure class=\"wp-block-image size-large has-custom-border\"><img decoding=\"async\" width=\"768\" height=\"1024\" src=\"https:\/\/www.fronteacciaiocromato.art\/wp-content\/uploads\/2025\/02\/Scavi3030-3-768x1024.webp\" alt=\"\" class=\"wp-image-1684\" style=\"border-top-left-radius:5px;border-top-right-radius:5px;border-bottom-left-radius:5px;border-bottom-right-radius:5px\" srcset=\"https:\/\/www.fronteacciaiocromato.art\/wp-content\/uploads\/2025\/02\/Scavi3030-3-768x1024.webp 768w, https:\/\/www.fronteacciaiocromato.art\/wp-content\/uploads\/2025\/02\/Scavi3030-3-225x300.webp 225w, https:\/\/www.fronteacciaiocromato.art\/wp-content\/uploads\/2025\/02\/Scavi3030-3-1152x1536.webp 1152w, https:\/\/www.fronteacciaiocromato.art\/wp-content\/uploads\/2025\/02\/Scavi3030-3-1536x2048.webp 1536w, https:\/\/www.fronteacciaiocromato.art\/wp-content\/uploads\/2025\/02\/Scavi3030-3-600x800.webp 600w, https:\/\/www.fronteacciaiocromato.art\/wp-content\/uploads\/2025\/02\/Scavi3030-3-scaled.webp 1920w\" sizes=\"(max-width: 768px) 100vw, 768px\" \/><\/figure>\n<\/div>\n<\/div>\n\n\n\n<div class=\"wp-block-columns are-vertically-aligned-center is-layout-flex wp-container-core-columns-is-layout-65deacd7 wp-block-columns-is-layout-flex\" style=\"padding-top:20px;padding-bottom:20px\">\n<div class=\"wp-block-column is-vertically-aligned-center is-layout-flow wp-block-column-is-layout-flow\" style=\"flex-basis:25%\">\n<figure class=\"wp-block-image size-large has-custom-border\"><img loading=\"lazy\" decoding=\"async\" width=\"768\" height=\"1024\" src=\"https:\/\/www.fronteacciaiocromato.art\/wp-content\/uploads\/2025\/02\/Scavi3030-4-768x1024.webp\" alt=\"\" class=\"wp-image-1685\" style=\"border-top-left-radius:5px;border-top-right-radius:5px;border-bottom-left-radius:5px;border-bottom-right-radius:5px\" srcset=\"https:\/\/www.fronteacciaiocromato.art\/wp-content\/uploads\/2025\/02\/Scavi3030-4-768x1024.webp 768w, https:\/\/www.fronteacciaiocromato.art\/wp-content\/uploads\/2025\/02\/Scavi3030-4-225x300.webp 225w, https:\/\/www.fronteacciaiocromato.art\/wp-content\/uploads\/2025\/02\/Scavi3030-4-1152x1536.webp 1152w, https:\/\/www.fronteacciaiocromato.art\/wp-content\/uploads\/2025\/02\/Scavi3030-4-1536x2048.webp 1536w, https:\/\/www.fronteacciaiocromato.art\/wp-content\/uploads\/2025\/02\/Scavi3030-4-600x800.webp 600w, https:\/\/www.fronteacciaiocromato.art\/wp-content\/uploads\/2025\/02\/Scavi3030-4-scaled.webp 1920w\" sizes=\"(max-width: 768px) 100vw, 768px\" \/><\/figure>\n<\/div>\n\n\n\n<div class=\"wp-block-column is-vertically-aligned-center is-layout-flow wp-block-column-is-layout-flow\" style=\"flex-basis:75%\">\n<p class=\"wp-block-paragraph\">Consideriamo SCAVI3030 come un invito: un invito a ripensare le strutture di potere, i processi storici e il ruolo dell'arte nella conservazione e nell'interpretazione della storia. Per noi \u00e8 una dichiarazione rivolta non solo agli appassionati d'arte, ma a chiunque sia disposto a confrontarsi con le dinamiche della storia e del presente.<\/p>\n<\/div>\n<\/div>\n\n\n\n<p class=\"wp-block-paragraph\">Ci auguriamo che SCAVI3030 non solo stimoli la riflessione, ma sia anche fonte di ispirazione. \u00c8 il nostro contributo a un mondo in cui la vigilanza e il pensiero critico non solo sono richiesti, ma anche celebrati.<\/p>\n\n\n\n<p class=\"wp-block-paragraph\">Carrara 2024<\/p>","protected":false},"excerpt":{"rendered":"<p>Con SCAVI3030, noi di Fronteacciaiocromato abbiamo voluto aprire un dialogo tra passato, presente e futuro ipotetico. Il nostro obiettivo era quello di mettere in discussione i meccanismi del potere e la loro influenza sulla memoria collettiva, incentrando la narrazione attorno a una scoperta archeologica apparentemente archetipica, con l'intento di stimolare una riflessione sulla realt\u00e0 della nostra societ\u00e0 contemporanea.<\/p>","protected":false},"author":2,"featured_media":1685,"comment_status":"closed","ping_status":"closed","sticky":false,"template":"","format":"standard","meta":{"footnotes":""},"categories":[31],"tags":[85],"class_list":["post-1152","post","type-post","status-publish","format-standard","has-post-thumbnail","hentry","category-artworks","tag-fac"],"yoast_head":"<!-- This site is optimized with the Yoast SEO plugin v28.3 - https:\/\/yoast.com\/product\/yoast-seo-wordpress\/ -->\n<title>Scavi3030 - FAC-FronteAcciaioCromato<\/title>\n<meta name=\"robots\" content=\"index, follow, max-snippet:-1, max-image-preview:large, max-video-preview:-1\" \/>\n<link rel=\"canonical\" href=\"https:\/\/www.fronteacciaiocromato.art\/it\/scavi3030\/\" \/>\n<meta property=\"og:locale\" content=\"it_IT\" \/>\n<meta property=\"og:type\" content=\"article\" \/>\n<meta property=\"og:title\" content=\"Scavi3030 - FAC-FronteAcciaioCromato\" \/>\n<meta property=\"og:description\" content=\"With SCAVI3030, we at Fronteacciaiocromato aimed to open a dialogue between the past, present, and a speculative future. Our goal was to question the mechanisms of power and their influence on collective memory by centering the narrative around an apparently archetypal archaeological discovery, intended to provoke reflection on the reality of our contemporary society.\" \/>\n<meta property=\"og:url\" content=\"https:\/\/www.fronteacciaiocromato.art\/it\/scavi3030\/\" \/>\n<meta property=\"og:site_name\" content=\"FAC-FronteAcciaioCromato\" \/>\n<meta property=\"article:publisher\" content=\"https:\/\/www.facebook.com\/FRONTEACCIAIOCROMATO\/\" \/>\n<meta property=\"article:published_time\" content=\"2024-08-06T08:12:00+00:00\" \/>\n<meta property=\"article:modified_time\" content=\"2026-03-30T06:53:33+00:00\" \/>\n<meta property=\"og:image\" content=\"https:\/\/www.fronteacciaiocromato.art\/wp-content\/uploads\/2025\/02\/Scavi3030-4-scaled.webp\" \/>\n\t<meta property=\"og:image:width\" content=\"1920\" \/>\n\t<meta property=\"og:image:height\" content=\"2560\" \/>\n\t<meta property=\"og:image:type\" content=\"image\/webp\" \/>\n<meta name=\"author\" content=\"Max Fruzza\" \/>\n<meta name=\"twitter:card\" content=\"summary_large_image\" \/>\n<meta name=\"twitter:creator\" content=\"@FAC_CARRARA\" \/>\n<meta name=\"twitter:site\" content=\"@FAC_CARRARA\" \/>\n<meta name=\"twitter:label1\" content=\"Scritto da\" \/>\n\t<meta name=\"twitter:data1\" content=\"Max Fruzza\" \/>\n\t<meta name=\"twitter:label2\" content=\"Tempo di lettura stimato\" \/>\n\t<meta name=\"twitter:data2\" content=\"3 minuti\" \/>\n<script type=\"application\/ld+json\" class=\"yoast-schema-graph\">{\"@context\":\"https:\\\/\\\/schema.org\",\"@graph\":[{\"@type\":\"Article\",\"@id\":\"https:\\\/\\\/www.fronteacciaiocromato.art\\\/scavi3030\\\/#article\",\"isPartOf\":{\"@id\":\"https:\\\/\\\/www.fronteacciaiocromato.art\\\/scavi3030\\\/\"},\"author\":{\"name\":\"Max Fruzza\",\"@id\":\"https:\\\/\\\/www.fronteacciaiocromato.art\\\/#\\\/schema\\\/person\\\/69d7f5fe1da853770b91a67ee91a4c15\"},\"headline\":\"Scavi3030\",\"datePublished\":\"2024-08-06T08:12:00+00:00\",\"dateModified\":\"2026-03-30T06:53:33+00:00\",\"mainEntityOfPage\":{\"@id\":\"https:\\\/\\\/www.fronteacciaiocromato.art\\\/scavi3030\\\/\"},\"wordCount\":552,\"publisher\":{\"@id\":\"https:\\\/\\\/www.fronteacciaiocromato.art\\\/#organization\"},\"image\":{\"@id\":\"https:\\\/\\\/www.fronteacciaiocromato.art\\\/scavi3030\\\/#primaryimage\"},\"thumbnailUrl\":\"https:\\\/\\\/www.fronteacciaiocromato.art\\\/wp-content\\\/uploads\\\/2025\\\/02\\\/Scavi3030-4-scaled.webp\",\"keywords\":[\"FAC\"],\"articleSection\":[\"Artworks\"],\"inLanguage\":\"it-IT\"},{\"@type\":\"WebPage\",\"@id\":\"https:\\\/\\\/www.fronteacciaiocromato.art\\\/scavi3030\\\/\",\"url\":\"https:\\\/\\\/www.fronteacciaiocromato.art\\\/scavi3030\\\/\",\"name\":\"Scavi3030 - FAC-FronteAcciaioCromato\",\"isPartOf\":{\"@id\":\"https:\\\/\\\/www.fronteacciaiocromato.art\\\/#website\"},\"primaryImageOfPage\":{\"@id\":\"https:\\\/\\\/www.fronteacciaiocromato.art\\\/scavi3030\\\/#primaryimage\"},\"image\":{\"@id\":\"https:\\\/\\\/www.fronteacciaiocromato.art\\\/scavi3030\\\/#primaryimage\"},\"thumbnailUrl\":\"https:\\\/\\\/www.fronteacciaiocromato.art\\\/wp-content\\\/uploads\\\/2025\\\/02\\\/Scavi3030-4-scaled.webp\",\"datePublished\":\"2024-08-06T08:12:00+00:00\",\"dateModified\":\"2026-03-30T06:53:33+00:00\",\"breadcrumb\":{\"@id\":\"https:\\\/\\\/www.fronteacciaiocromato.art\\\/scavi3030\\\/#breadcrumb\"},\"inLanguage\":\"it-IT\",\"potentialAction\":[{\"@type\":\"ReadAction\",\"target\":[\"https:\\\/\\\/www.fronteacciaiocromato.art\\\/scavi3030\\\/\"]}]},{\"@type\":\"ImageObject\",\"inLanguage\":\"it-IT\",\"@id\":\"https:\\\/\\\/www.fronteacciaiocromato.art\\\/scavi3030\\\/#primaryimage\",\"url\":\"https:\\\/\\\/www.fronteacciaiocromato.art\\\/wp-content\\\/uploads\\\/2025\\\/02\\\/Scavi3030-4-scaled.webp\",\"contentUrl\":\"https:\\\/\\\/www.fronteacciaiocromato.art\\\/wp-content\\\/uploads\\\/2025\\\/02\\\/Scavi3030-4-scaled.webp\",\"width\":1920,\"height\":2560},{\"@type\":\"BreadcrumbList\",\"@id\":\"https:\\\/\\\/www.fronteacciaiocromato.art\\\/scavi3030\\\/#breadcrumb\",\"itemListElement\":[{\"@type\":\"ListItem\",\"position\":1,\"name\":\"Home\",\"item\":\"https:\\\/\\\/www.fronteacciaiocromato.art\\\/\"},{\"@type\":\"ListItem\",\"position\":2,\"name\":\"Scavi3030\"}]},{\"@type\":\"WebSite\",\"@id\":\"https:\\\/\\\/www.fronteacciaiocromato.art\\\/#website\",\"url\":\"https:\\\/\\\/www.fronteacciaiocromato.art\\\/\",\"name\":\"FAC-FronteAcciaioCromato\",\"description\":\"Art Collective\",\"publisher\":{\"@id\":\"https:\\\/\\\/www.fronteacciaiocromato.art\\\/#organization\"},\"potentialAction\":[{\"@type\":\"SearchAction\",\"target\":{\"@type\":\"EntryPoint\",\"urlTemplate\":\"https:\\\/\\\/www.fronteacciaiocromato.art\\\/?s={search_term_string}\"},\"query-input\":{\"@type\":\"PropertyValueSpecification\",\"valueRequired\":true,\"valueName\":\"search_term_string\"}}],\"inLanguage\":\"it-IT\"},{\"@type\":\"Organization\",\"@id\":\"https:\\\/\\\/www.fronteacciaiocromato.art\\\/#organization\",\"name\":\"FAC-FronteAcciaioCromato\",\"url\":\"https:\\\/\\\/www.fronteacciaiocromato.art\\\/\",\"logo\":{\"@type\":\"ImageObject\",\"inLanguage\":\"it-IT\",\"@id\":\"https:\\\/\\\/www.fronteacciaiocromato.art\\\/#\\\/schema\\\/logo\\\/image\\\/\",\"url\":\"https:\\\/\\\/www.fronteacciaiocromato.art\\\/wp-content\\\/uploads\\\/2024\\\/03\\\/FAC-Logo-Web-01.png\",\"contentUrl\":\"https:\\\/\\\/www.fronteacciaiocromato.art\\\/wp-content\\\/uploads\\\/2024\\\/03\\\/FAC-Logo-Web-01.png\",\"width\":309,\"height\":90,\"caption\":\"FAC-FronteAcciaioCromato\"},\"image\":{\"@id\":\"https:\\\/\\\/www.fronteacciaiocromato.art\\\/#\\\/schema\\\/logo\\\/image\\\/\"},\"sameAs\":[\"https:\\\/\\\/www.facebook.com\\\/FRONTEACCIAIOCROMATO\\\/\",\"https:\\\/\\\/x.com\\\/FAC_CARRARA\",\"https:\\\/\\\/www.instagram.com\\\/fronteacciaiocromato\\\/\",\"https:\\\/\\\/www.tiktok.com\\\/@fac_fronteacciaiocromato\"]},{\"@type\":\"Person\",\"@id\":\"https:\\\/\\\/www.fronteacciaiocromato.art\\\/#\\\/schema\\\/person\\\/69d7f5fe1da853770b91a67ee91a4c15\",\"name\":\"Max Fruzza\",\"image\":{\"@type\":\"ImageObject\",\"inLanguage\":\"it-IT\",\"@id\":\"https:\\\/\\\/secure.gravatar.com\\\/avatar\\\/e1d03f8ce3ebef3b93a587bdf3b7b0210957959a3d8177fabfbb4606d01b30a0?s=96&d=mm&r=g\",\"url\":\"https:\\\/\\\/secure.gravatar.com\\\/avatar\\\/e1d03f8ce3ebef3b93a587bdf3b7b0210957959a3d8177fabfbb4606d01b30a0?s=96&d=mm&r=g\",\"contentUrl\":\"https:\\\/\\\/secure.gravatar.com\\\/avatar\\\/e1d03f8ce3ebef3b93a587bdf3b7b0210957959a3d8177fabfbb4606d01b30a0?s=96&d=mm&r=g\",\"caption\":\"Max Fruzza\"},\"url\":\"https:\\\/\\\/www.fronteacciaiocromato.art\\\/it\\\/author\\\/wvfkzzpjprgfjf\\\/\"}]}<\/script>\n<!-- \/ Yoast SEO plugin. -->","yoast_head_json":{"title":"Scavi3030 - FAC-FronteAcciaioCromato","robots":{"index":"index","follow":"follow","max-snippet":"max-snippet:-1","max-image-preview":"max-image-preview:large","max-video-preview":"max-video-preview:-1"},"canonical":"https:\/\/www.fronteacciaiocromato.art\/it\/scavi3030\/","og_locale":"it_IT","og_type":"article","og_title":"Scavi3030 - FAC-FronteAcciaioCromato","og_description":"With SCAVI3030, we at Fronteacciaiocromato aimed to open a dialogue between the past, present, and a speculative future. Our goal was to question the mechanisms of power and their influence on collective memory by centering the narrative around an apparently archetypal archaeological discovery, intended to provoke reflection on the reality of our contemporary society.","og_url":"https:\/\/www.fronteacciaiocromato.art\/it\/scavi3030\/","og_site_name":"FAC-FronteAcciaioCromato","article_publisher":"https:\/\/www.facebook.com\/FRONTEACCIAIOCROMATO\/","article_published_time":"2024-08-06T08:12:00+00:00","article_modified_time":"2026-03-30T06:53:33+00:00","og_image":[{"width":1920,"height":2560,"url":"https:\/\/www.fronteacciaiocromato.art\/wp-content\/uploads\/2025\/02\/Scavi3030-4-scaled.webp","type":"image\/webp"}],"author":"Max Fruzza","twitter_card":"summary_large_image","twitter_creator":"@FAC_CARRARA","twitter_site":"@FAC_CARRARA","twitter_misc":{"Scritto da":"Max Fruzza","Tempo di lettura stimato":"3 minuti"},"schema":{"@context":"https:\/\/schema.org","@graph":[{"@type":"Article","@id":"https:\/\/www.fronteacciaiocromato.art\/scavi3030\/#article","isPartOf":{"@id":"https:\/\/www.fronteacciaiocromato.art\/scavi3030\/"},"author":{"name":"Max Fruzza","@id":"https:\/\/www.fronteacciaiocromato.art\/#\/schema\/person\/69d7f5fe1da853770b91a67ee91a4c15"},"headline":"Scavi3030","datePublished":"2024-08-06T08:12:00+00:00","dateModified":"2026-03-30T06:53:33+00:00","mainEntityOfPage":{"@id":"https:\/\/www.fronteacciaiocromato.art\/scavi3030\/"},"wordCount":552,"publisher":{"@id":"https:\/\/www.fronteacciaiocromato.art\/#organization"},"image":{"@id":"https:\/\/www.fronteacciaiocromato.art\/scavi3030\/#primaryimage"},"thumbnailUrl":"https:\/\/www.fronteacciaiocromato.art\/wp-content\/uploads\/2025\/02\/Scavi3030-4-scaled.webp","keywords":["FAC"],"articleSection":["Artworks"],"inLanguage":"it-IT"},{"@type":"WebPage","@id":"https:\/\/www.fronteacciaiocromato.art\/scavi3030\/","url":"https:\/\/www.fronteacciaiocromato.art\/scavi3030\/","name":"Scavi3030 - FAC-FronteAcciaioCromato","isPartOf":{"@id":"https:\/\/www.fronteacciaiocromato.art\/#website"},"primaryImageOfPage":{"@id":"https:\/\/www.fronteacciaiocromato.art\/scavi3030\/#primaryimage"},"image":{"@id":"https:\/\/www.fronteacciaiocromato.art\/scavi3030\/#primaryimage"},"thumbnailUrl":"https:\/\/www.fronteacciaiocromato.art\/wp-content\/uploads\/2025\/02\/Scavi3030-4-scaled.webp","datePublished":"2024-08-06T08:12:00+00:00","dateModified":"2026-03-30T06:53:33+00:00","breadcrumb":{"@id":"https:\/\/www.fronteacciaiocromato.art\/scavi3030\/#breadcrumb"},"inLanguage":"it-IT","potentialAction":[{"@type":"ReadAction","target":["https:\/\/www.fronteacciaiocromato.art\/scavi3030\/"]}]},{"@type":"ImageObject","inLanguage":"it-IT","@id":"https:\/\/www.fronteacciaiocromato.art\/scavi3030\/#primaryimage","url":"https:\/\/www.fronteacciaiocromato.art\/wp-content\/uploads\/2025\/02\/Scavi3030-4-scaled.webp","contentUrl":"https:\/\/www.fronteacciaiocromato.art\/wp-content\/uploads\/2025\/02\/Scavi3030-4-scaled.webp","width":1920,"height":2560},{"@type":"BreadcrumbList","@id":"https:\/\/www.fronteacciaiocromato.art\/scavi3030\/#breadcrumb","itemListElement":[{"@type":"ListItem","position":1,"name":"Home","item":"https:\/\/www.fronteacciaiocromato.art\/"},{"@type":"ListItem","position":2,"name":"Scavi3030"}]},{"@type":"WebSite","@id":"https:\/\/www.fronteacciaiocromato.art\/#website","url":"https:\/\/www.fronteacciaiocromato.art\/","name":"FAC-FronteAcciaioCromato","description":"Art Collective","publisher":{"@id":"https:\/\/www.fronteacciaiocromato.art\/#organization"},"potentialAction":[{"@type":"SearchAction","target":{"@type":"EntryPoint","urlTemplate":"https:\/\/www.fronteacciaiocromato.art\/?s={search_term_string}"},"query-input":{"@type":"PropertyValueSpecification","valueRequired":true,"valueName":"search_term_string"}}],"inLanguage":"it-IT"},{"@type":"Organization","@id":"https:\/\/www.fronteacciaiocromato.art\/#organization","name":"FAC-FronteAcciaioCromato","url":"https:\/\/www.fronteacciaiocromato.art\/","logo":{"@type":"ImageObject","inLanguage":"it-IT","@id":"https:\/\/www.fronteacciaiocromato.art\/#\/schema\/logo\/image\/","url":"https:\/\/www.fronteacciaiocromato.art\/wp-content\/uploads\/2024\/03\/FAC-Logo-Web-01.png","contentUrl":"https:\/\/www.fronteacciaiocromato.art\/wp-content\/uploads\/2024\/03\/FAC-Logo-Web-01.png","width":309,"height":90,"caption":"FAC-FronteAcciaioCromato"},"image":{"@id":"https:\/\/www.fronteacciaiocromato.art\/#\/schema\/logo\/image\/"},"sameAs":["https:\/\/www.facebook.com\/FRONTEACCIAIOCROMATO\/","https:\/\/x.com\/FAC_CARRARA","https:\/\/www.instagram.com\/fronteacciaiocromato\/","https:\/\/www.tiktok.com\/@fac_fronteacciaiocromato"]},{"@type":"Person","@id":"https:\/\/www.fronteacciaiocromato.art\/#\/schema\/person\/69d7f5fe1da853770b91a67ee91a4c15","name":"Max Fruzza","image":{"@type":"ImageObject","inLanguage":"it-IT","@id":"https:\/\/secure.gravatar.com\/avatar\/e1d03f8ce3ebef3b93a587bdf3b7b0210957959a3d8177fabfbb4606d01b30a0?s=96&d=mm&r=g","url":"https:\/\/secure.gravatar.com\/avatar\/e1d03f8ce3ebef3b93a587bdf3b7b0210957959a3d8177fabfbb4606d01b30a0?s=96&d=mm&r=g","contentUrl":"https:\/\/secure.gravatar.com\/avatar\/e1d03f8ce3ebef3b93a587bdf3b7b0210957959a3d8177fabfbb4606d01b30a0?s=96&d=mm&r=g","caption":"Max Fruzza"},"url":"https:\/\/www.fronteacciaiocromato.art\/it\/author\/wvfkzzpjprgfjf\/"}]}},"_links":{"self":[{"href":"https:\/\/www.fronteacciaiocromato.art\/it\/wp-json\/wp\/v2\/posts\/1152","targetHints":{"allow":["GET"]}}],"collection":[{"href":"https:\/\/www.fronteacciaiocromato.art\/it\/wp-json\/wp\/v2\/posts"}],"about":[{"href":"https:\/\/www.fronteacciaiocromato.art\/it\/wp-json\/wp\/v2\/types\/post"}],"author":[{"embeddable":true,"href":"https:\/\/www.fronteacciaiocromato.art\/it\/wp-json\/wp\/v2\/users\/2"}],"replies":[{"embeddable":true,"href":"https:\/\/www.fronteacciaiocromato.art\/it\/wp-json\/wp\/v2\/comments?post=1152"}],"version-history":[{"count":0,"href":"https:\/\/www.fronteacciaiocromato.art\/it\/wp-json\/wp\/v2\/posts\/1152\/revisions"}],"wp:featuredmedia":[{"embeddable":true,"href":"https:\/\/www.fronteacciaiocromato.art\/it\/wp-json\/wp\/v2\/media\/1685"}],"wp:attachment":[{"href":"https:\/\/www.fronteacciaiocromato.art\/it\/wp-json\/wp\/v2\/media?parent=1152"}],"wp:term":[{"taxonomy":"category","embeddable":true,"href":"https:\/\/www.fronteacciaiocromato.art\/it\/wp-json\/wp\/v2\/categories?post=1152"},{"taxonomy":"post_tag","embeddable":true,"href":"https:\/\/www.fronteacciaiocromato.art\/it\/wp-json\/wp\/v2\/tags?post=1152"}],"curies":[{"name":"wp","href":"https:\/\/api.w.org\/{rel}","templated":true}]}}