{"id":2675,"date":"2013-04-16T09:46:00","date_gmt":"2013-04-16T09:46:00","guid":{"rendered":"https:\/\/www.fronteacciaiocromato.art\/?p=2675"},"modified":"2025-10-03T12:45:25","modified_gmt":"2025-10-03T12:45:25","slug":"mother-and-son","status":"publish","type":"post","link":"https:\/\/www.fronteacciaiocromato.art\/it\/mother-and-son\/","title":{"rendered":"Mother and Son"},"content":{"rendered":"<div class=\"wp-block-columns are-vertically-aligned-center is-layout-flex wp-container-core-columns-is-layout-65deacd7 wp-block-columns-is-layout-flex\" style=\"padding-top:20px;padding-bottom:20px\">\n<div class=\"wp-block-column is-vertically-aligned-center is-layout-flow wp-block-column-is-layout-flow\" style=\"flex-basis:75%\">\n<p class=\"wp-block-paragraph\">Fin dal primo momento, dall\u2019idea iniziale alla scelta degli artisti fino alla realizzazione sul posto, tutto \u00e8 passato dalle nostre mani. \u00c8 stato un periodo intenso, fatto di scambi creativi e organizzativi, che mi ha segnato profondamente. Ancora oggi sono orgoglioso di ci\u00f2 che siamo riusciti a costruire insieme.<\/p>\n<\/div>\n\n\n\n<div class=\"wp-block-column is-vertically-aligned-center is-layout-flow wp-block-column-is-layout-flow\" style=\"flex-basis:25%\">\n<figure data-wp-context=\"{&quot;imageId&quot;:&quot;6a9cdeb40beba&quot;}\" data-wp-interactive=\"core\/image\" data-wp-key=\"6a9cdeb40beba\" class=\"wp-block-image size-large has-custom-border ghostkit-custom-Z1UqFUv wp-lightbox-container\"><img fetchpriority=\"high\" decoding=\"async\" width=\"683\" height=\"1024\" data-wp-class--hide=\"state.isContentHidden\" data-wp-class--show=\"state.isContentVisible\" data-wp-init=\"callbacks.setButtonStyles\" data-wp-on--click=\"actions.showLightbox\" data-wp-on--load=\"callbacks.setButtonStyles\" data-wp-on--pointerdown=\"actions.preloadImage\" data-wp-on--pointerenter=\"actions.preloadImageWithDelay\" data-wp-on--pointerleave=\"actions.cancelPreload\" data-wp-on-window--resize=\"callbacks.setButtonStyles\" src=\"https:\/\/www.fronteacciaiocromato.art\/wp-content\/uploads\/2025\/04\/MAIN-SAN-MARINO-683x1024.webp\" alt=\"\" class=\"wp-image-2677\" style=\"border-radius:5px\" srcset=\"https:\/\/www.fronteacciaiocromato.art\/wp-content\/uploads\/2025\/04\/MAIN-SAN-MARINO-683x1024.webp 683w, https:\/\/www.fronteacciaiocromato.art\/wp-content\/uploads\/2025\/04\/MAIN-SAN-MARINO-200x300.webp 200w, https:\/\/www.fronteacciaiocromato.art\/wp-content\/uploads\/2025\/04\/MAIN-SAN-MARINO-768x1152.webp 768w, https:\/\/www.fronteacciaiocromato.art\/wp-content\/uploads\/2025\/04\/MAIN-SAN-MARINO-600x900.webp 600w, https:\/\/www.fronteacciaiocromato.art\/wp-content\/uploads\/2025\/04\/MAIN-SAN-MARINO.webp 945w\" sizes=\"(max-width: 683px) 100vw, 683px\" \/><button\n\t\t\tclass=\"lightbox-trigger\"\n\t\t\ttype=\"button\"\n\t\t\taria-haspopup=\"dialog\"\n\t\t\tdata-wp-bind--aria-label=\"state.thisImage.triggerButtonAriaLabel\"\n\t\t\tdata-wp-init=\"callbacks.initTriggerButton\"\n\t\t\tdata-wp-on--click=\"actions.showLightbox\"\n\t\t\tdata-wp-style--right=\"state.thisImage.buttonRight\"\n\t\t\tdata-wp-style--top=\"state.thisImage.buttonTop\"\n\t\t>\n\t\t\t<svg xmlns=\"http:\/\/www.w3.org\/2000\/svg\" width=\"12\" height=\"12\" fill=\"none\" viewbox=\"0 0 12 12\">\n\t\t\t\t<path fill=\"#fff\" d=\"M2 0a2 2 0 0 0-2 2v2h1.5V2a.5.5 0 0 1 .5-.5h2V0H2Zm2 10.5H2a.5.5 0 0 1-.5-.5V8H0v2a2 2 0 0 0 2 2h2v-1.5ZM8 12v-1.5h2a.5.5 0 0 0 .5-.5V8H12v2a2 2 0 0 1-2 2H8Zm2-12a2 2 0 0 1 2 2v2h-1.5V2a.5.5 0 0 0-.5-.5H8V0h2Z\" \/>\n\t\t\t<\/svg>\n\t\t<\/button><\/figure>\n<\/div>\n<\/div>\n\n\n\n<div class=\"wp-block-columns are-vertically-aligned-center is-layout-flex wp-container-core-columns-is-layout-65deacd7 wp-block-columns-is-layout-flex\" style=\"padding-top:20px;padding-bottom:20px\">\n<div class=\"wp-block-column is-vertically-aligned-center is-layout-flow wp-block-column-is-layout-flow\" style=\"flex-basis:34%\">\n<figure class=\"wp-block-video ghostkit-custom-Z1WyfUx\"><video  style=\"\"  autoplay loop muted src=\"https:\/\/www.fronteacciaiocromato.art\/wp-content\/uploads\/2013\/04\/SM1.mp4\" playsinline><\/video><\/figure>\n<\/div>\n\n\n\n<div class=\"wp-block-column is-vertically-aligned-center is-layout-flow wp-block-column-is-layout-flow\" style=\"flex-basis:66%\">\n<p class=\"wp-block-paragraph\">Christian, in quel tempo, non ha solo realizzato un lavoro artistico straordinario, ma ha anche contribuito al successo dell\u2019intero simposio con grande cuore e precisione. La sua capacit\u00e0 di dialogare con la pietra continua a colpirmi, ogni volta.<\/p>\n<\/div>\n<\/div>\n\n\n\n<div class=\"wp-block-columns are-vertically-aligned-center is-layout-flex wp-container-core-columns-is-layout-65deacd7 wp-block-columns-is-layout-flex\" style=\"padding-top:20px;padding-bottom:20px\">\n<div class=\"wp-block-column is-vertically-aligned-center is-layout-flow wp-block-column-is-layout-flow\" style=\"flex-basis:75%\">\n<p class=\"wp-block-paragraph\">La mia scultura, nata durante il simposio, si intitola \u201cMother and Son\u201d. \u00c8 scolpita nel marmo pi\u00f9 pregiato di Carrara, un materiale che, con la sua luminosit\u00e0, la sua omogeneit\u00e0 e quella superficie quasi sensuale, parla una lingua tutta sua. \u00c8 proprio per questo che, da sempre, \u00e8 la pietra pi\u00f9 desiderata nella scultura. L\u2019abbiamo scelta consapevolmente.&nbsp;<\/p>\n<\/div>\n\n\n\n<div class=\"wp-block-column is-vertically-aligned-center is-layout-flow wp-block-column-is-layout-flow\" style=\"flex-basis:25%\">\n<figure data-wp-context=\"{&quot;imageId&quot;:&quot;6a9cdeb40c848&quot;}\" data-wp-interactive=\"core\/image\" data-wp-key=\"6a9cdeb40c848\" class=\"wp-block-image size-full has-custom-border ghostkit-custom-Z1dj4r0 wp-lightbox-container\"><img decoding=\"async\" width=\"600\" height=\"800\" data-wp-class--hide=\"state.isContentHidden\" data-wp-class--show=\"state.isContentVisible\" data-wp-init=\"callbacks.setButtonStyles\" data-wp-on--click=\"actions.showLightbox\" data-wp-on--load=\"callbacks.setButtonStyles\" data-wp-on--pointerdown=\"actions.preloadImage\" data-wp-on--pointerenter=\"actions.preloadImageWithDelay\" data-wp-on--pointerleave=\"actions.cancelPreload\" data-wp-on-window--resize=\"callbacks.setButtonStyles\" src=\"https:\/\/www.fronteacciaiocromato.art\/wp-content\/uploads\/2025\/04\/MOTHER-AND-SON-SAN-MARINO-1.20-hights-1.webp\" alt=\"\" class=\"wp-image-2678\" style=\"border-radius:5px\" srcset=\"https:\/\/www.fronteacciaiocromato.art\/wp-content\/uploads\/2025\/04\/MOTHER-AND-SON-SAN-MARINO-1.20-hights-1.webp 600w, https:\/\/www.fronteacciaiocromato.art\/wp-content\/uploads\/2025\/04\/MOTHER-AND-SON-SAN-MARINO-1.20-hights-1-225x300.webp 225w\" sizes=\"(max-width: 600px) 100vw, 600px\" \/><button\n\t\t\tclass=\"lightbox-trigger\"\n\t\t\ttype=\"button\"\n\t\t\taria-haspopup=\"dialog\"\n\t\t\tdata-wp-bind--aria-label=\"state.thisImage.triggerButtonAriaLabel\"\n\t\t\tdata-wp-init=\"callbacks.initTriggerButton\"\n\t\t\tdata-wp-on--click=\"actions.showLightbox\"\n\t\t\tdata-wp-style--right=\"state.thisImage.buttonRight\"\n\t\t\tdata-wp-style--top=\"state.thisImage.buttonTop\"\n\t\t>\n\t\t\t<svg xmlns=\"http:\/\/www.w3.org\/2000\/svg\" width=\"12\" height=\"12\" fill=\"none\" viewbox=\"0 0 12 12\">\n\t\t\t\t<path fill=\"#fff\" d=\"M2 0a2 2 0 0 0-2 2v2h1.5V2a.5.5 0 0 1 .5-.5h2V0H2Zm2 10.5H2a.5.5 0 0 1-.5-.5V8H0v2a2 2 0 0 0 2 2h2v-1.5ZM8 12v-1.5h2a.5.5 0 0 0 .5-.5V8H12v2a2 2 0 0 1-2 2H8Zm2-12a2 2 0 0 1 2 2v2h-1.5V2a.5.5 0 0 0-.5-.5H8V0h2Z\" \/>\n\t\t\t<\/svg>\n\t\t<\/button><\/figure>\n<\/div>\n<\/div>\n\n\n\n<div class=\"wp-block-columns are-vertically-aligned-center is-layout-flex wp-container-core-columns-is-layout-65deacd7 wp-block-columns-is-layout-flex\" style=\"padding-top:20px;padding-bottom:20px\">\n<div class=\"wp-block-column is-vertically-aligned-center is-layout-flow wp-block-column-is-layout-flow\" style=\"flex-basis:34%\">\n<figure data-wp-context=\"{&quot;imageId&quot;:&quot;6a9cdeb40cc8c&quot;}\" data-wp-interactive=\"core\/image\" data-wp-key=\"6a9cdeb40cc8c\" class=\"wp-block-image size-full has-custom-border ghostkit-custom-Z2bCrOh wp-lightbox-container\"><img decoding=\"async\" width=\"800\" height=\"600\" data-wp-class--hide=\"state.isContentHidden\" data-wp-class--show=\"state.isContentVisible\" data-wp-init=\"callbacks.setButtonStyles\" data-wp-on--click=\"actions.showLightbox\" data-wp-on--load=\"callbacks.setButtonStyles\" data-wp-on--pointerdown=\"actions.preloadImage\" data-wp-on--pointerenter=\"actions.preloadImageWithDelay\" data-wp-on--pointerleave=\"actions.cancelPreload\" data-wp-on-window--resize=\"callbacks.setButtonStyles\" src=\"https:\/\/www.fronteacciaiocromato.art\/wp-content\/uploads\/2025\/04\/MOTHER-AND-SON-SAN-MARINO-1.20-hights-3.webp\" alt=\"\" class=\"wp-image-2680\" style=\"border-radius:5px\" srcset=\"https:\/\/www.fronteacciaiocromato.art\/wp-content\/uploads\/2025\/04\/MOTHER-AND-SON-SAN-MARINO-1.20-hights-3.webp 800w, https:\/\/www.fronteacciaiocromato.art\/wp-content\/uploads\/2025\/04\/MOTHER-AND-SON-SAN-MARINO-1.20-hights-3-300x225.webp 300w, https:\/\/www.fronteacciaiocromato.art\/wp-content\/uploads\/2025\/04\/MOTHER-AND-SON-SAN-MARINO-1.20-hights-3-768x576.webp 768w, https:\/\/www.fronteacciaiocromato.art\/wp-content\/uploads\/2025\/04\/MOTHER-AND-SON-SAN-MARINO-1.20-hights-3-600x450.webp 600w\" sizes=\"(max-width: 800px) 100vw, 800px\" \/><button\n\t\t\tclass=\"lightbox-trigger\"\n\t\t\ttype=\"button\"\n\t\t\taria-haspopup=\"dialog\"\n\t\t\tdata-wp-bind--aria-label=\"state.thisImage.triggerButtonAriaLabel\"\n\t\t\tdata-wp-init=\"callbacks.initTriggerButton\"\n\t\t\tdata-wp-on--click=\"actions.showLightbox\"\n\t\t\tdata-wp-style--right=\"state.thisImage.buttonRight\"\n\t\t\tdata-wp-style--top=\"state.thisImage.buttonTop\"\n\t\t>\n\t\t\t<svg xmlns=\"http:\/\/www.w3.org\/2000\/svg\" width=\"12\" height=\"12\" fill=\"none\" viewbox=\"0 0 12 12\">\n\t\t\t\t<path fill=\"#fff\" d=\"M2 0a2 2 0 0 0-2 2v2h1.5V2a.5.5 0 0 1 .5-.5h2V0H2Zm2 10.5H2a.5.5 0 0 1-.5-.5V8H0v2a2 2 0 0 0 2 2h2v-1.5ZM8 12v-1.5h2a.5.5 0 0 0 .5-.5V8H12v2a2 2 0 0 1-2 2H8Zm2-12a2 2 0 0 1 2 2v2h-1.5V2a.5.5 0 0 0-.5-.5H8V0h2Z\" \/>\n\t\t\t<\/svg>\n\t\t<\/button><\/figure>\n<\/div>\n\n\n\n<div class=\"wp-block-column is-vertically-aligned-center is-layout-flow wp-block-column-is-layout-flow\" style=\"flex-basis:66%\">\n<p class=\"wp-block-paragraph\">Il contrasto che crea con l\u2019architettura medievale grigia di San Marino \u00e8 stato uno degli elementi decisivi. Grazie a uno sponsor di Carrara, generoso e attento, i blocchi di marmo sono stati tagliati su misura per noi, e ci \u00e8 stata assegnata la prestigiosa qualit\u00e0 A.<\/p>\n<\/div>\n<\/div>\n\n\n\n<div style=\"height:20px\" aria-hidden=\"true\" class=\"wp-block-spacer\"><\/div>\n\n\n\n<p class=\"wp-block-paragraph\">La mia scultura raffigura una delle mie tipiche figure femminili sedute, voluminose, radicate, colte in un gesto quieto, composto.<\/p>\n\n\n\n<div style=\"height:20px\" aria-hidden=\"true\" class=\"wp-block-spacer\"><\/div>\n\n\n\n<div class=\"wp-block-columns are-vertically-aligned-center is-layout-flex wp-container-core-columns-is-layout-65deacd7 wp-block-columns-is-layout-flex\" style=\"padding-top:20px;padding-bottom:20px\">\n<div class=\"wp-block-column is-vertically-aligned-center is-layout-flow wp-block-column-is-layout-flow\" style=\"flex-basis:66%\">\n<p class=\"wp-block-paragraph\">Come in molte altre opere, porta con s\u00e9 una forza calma, una serenit\u00e0 piena. Il braccio sinistro si inarca sopra la testa con naturalezza, in una posa che suggerisce raccoglimento e introspezione. La mano destra riposa sul grembo, in un gesto protettivo, un richiamo sottile alla maternit\u00e0 e a un legame interiore. La collana sul petto, con l\u2019amuleto del figlio, non ha bisogno di spiegazioni.<\/p>\n<\/div>\n\n\n\n<div class=\"wp-block-column is-vertically-aligned-center is-layout-flow wp-block-column-is-layout-flow\" style=\"flex-basis:34%\">\n<figure class=\"wp-block-video ghostkit-custom-Z1dy9zD\"><video  style=\"\"  autoplay loop muted src=\"https:\/\/www.fronteacciaiocromato.art\/wp-content\/uploads\/2013\/04\/SM2.mp4\" playsinline><\/video><\/figure>\n<\/div>\n<\/div>\n\n\n\n<div class=\"wp-block-columns are-vertically-aligned-center is-layout-flex wp-container-core-columns-is-layout-65deacd7 wp-block-columns-is-layout-flex\" style=\"padding-top:20px;padding-bottom:20px\">\n<div class=\"wp-block-column is-vertically-aligned-center is-layout-flow wp-block-column-is-layout-flow\" style=\"flex-basis:25%\">\n<figure data-wp-context=\"{&quot;imageId&quot;:&quot;6a9cdeb40d47a&quot;}\" data-wp-interactive=\"core\/image\" data-wp-key=\"6a9cdeb40d47a\" class=\"wp-block-image size-full has-custom-border ghostkit-custom-Z2fVxeg wp-lightbox-container\"><img loading=\"lazy\" decoding=\"async\" width=\"600\" height=\"800\" data-wp-class--hide=\"state.isContentHidden\" data-wp-class--show=\"state.isContentVisible\" data-wp-init=\"callbacks.setButtonStyles\" data-wp-on--click=\"actions.showLightbox\" data-wp-on--load=\"callbacks.setButtonStyles\" data-wp-on--pointerdown=\"actions.preloadImage\" data-wp-on--pointerenter=\"actions.preloadImageWithDelay\" data-wp-on--pointerleave=\"actions.cancelPreload\" data-wp-on-window--resize=\"callbacks.setButtonStyles\" src=\"https:\/\/www.fronteacciaiocromato.art\/wp-content\/uploads\/2025\/04\/MOTHER-AND-SON-SAN-MARINO-1.20-hights-2.webp\" alt=\"\" class=\"wp-image-2679\" style=\"border-radius:5px\" srcset=\"https:\/\/www.fronteacciaiocromato.art\/wp-content\/uploads\/2025\/04\/MOTHER-AND-SON-SAN-MARINO-1.20-hights-2.webp 600w, https:\/\/www.fronteacciaiocromato.art\/wp-content\/uploads\/2025\/04\/MOTHER-AND-SON-SAN-MARINO-1.20-hights-2-225x300.webp 225w\" sizes=\"(max-width: 600px) 100vw, 600px\" \/><button\n\t\t\tclass=\"lightbox-trigger\"\n\t\t\ttype=\"button\"\n\t\t\taria-haspopup=\"dialog\"\n\t\t\tdata-wp-bind--aria-label=\"state.thisImage.triggerButtonAriaLabel\"\n\t\t\tdata-wp-init=\"callbacks.initTriggerButton\"\n\t\t\tdata-wp-on--click=\"actions.showLightbox\"\n\t\t\tdata-wp-style--right=\"state.thisImage.buttonRight\"\n\t\t\tdata-wp-style--top=\"state.thisImage.buttonTop\"\n\t\t>\n\t\t\t<svg xmlns=\"http:\/\/www.w3.org\/2000\/svg\" width=\"12\" height=\"12\" fill=\"none\" viewbox=\"0 0 12 12\">\n\t\t\t\t<path fill=\"#fff\" d=\"M2 0a2 2 0 0 0-2 2v2h1.5V2a.5.5 0 0 1 .5-.5h2V0H2Zm2 10.5H2a.5.5 0 0 1-.5-.5V8H0v2a2 2 0 0 0 2 2h2v-1.5ZM8 12v-1.5h2a.5.5 0 0 0 .5-.5V8H12v2a2 2 0 0 1-2 2H8Zm2-12a2 2 0 0 1 2 2v2h-1.5V2a.5.5 0 0 0-.5-.5H8V0h2Z\" \/>\n\t\t\t<\/svg>\n\t\t<\/button><\/figure>\n<\/div>\n\n\n\n<div class=\"wp-block-column is-vertically-aligned-center is-layout-flow wp-block-column-is-layout-flow\" style=\"flex-basis:75%\">\n<p class=\"wp-block-paragraph\">Quella che a prima vista pu\u00f2 sembrare una testa astratta o surreale contiene in realt\u00e0 un elemento centrale del mio lavoro: la spirale, la forma della conchiglia. La forma \u201eSchneck\u201c. \u00c8 un motivo che ritorna, una vera firma del mio linguaggio artistico. Per me la spirale \u00e8 crescita, trasformazione, un movimento ciclico e organico che scorre verso l\u2019interno e verso l\u2019esterno.<\/p>\n<\/div>\n<\/div>\n\n\n\n<div class=\"wp-block-columns are-vertically-aligned-center is-layout-flex wp-container-core-columns-is-layout-65deacd7 wp-block-columns-is-layout-flex\" style=\"padding-top:20px;padding-bottom:20px\">\n<div class=\"wp-block-column is-vertically-aligned-center is-layout-flow wp-block-column-is-layout-flow\" style=\"flex-basis:75%\">\n<p class=\"wp-block-paragraph\">In questa scultura rappresenta il bambino, il figlio, che sembra emergere dal nucleo della madre e allo stesso tempo resta inseparabile dai suoi pensieri, dalle sue emozioni, dal suo essere. Il legame tra madre e figlio non \u00e8 mostrato attraverso una figura fisica, ma attraverso una forma metafisica: la spirale come simbolo del flusso della vita, dell\u2019origine, del futuro.<\/p>\n<\/div>\n\n\n\n<div class=\"wp-block-column is-vertically-aligned-center is-layout-flow wp-block-column-is-layout-flow\" style=\"flex-basis:25%\">\n<figure data-wp-context=\"{&quot;imageId&quot;:&quot;6a9cdeb40da68&quot;}\" data-wp-interactive=\"core\/image\" data-wp-key=\"6a9cdeb40da68\" class=\"wp-block-image size-full has-custom-border ghostkit-custom-Ze8tph wp-lightbox-container\"><img loading=\"lazy\" decoding=\"async\" width=\"723\" height=\"960\" data-wp-class--hide=\"state.isContentHidden\" data-wp-class--show=\"state.isContentVisible\" data-wp-init=\"callbacks.setButtonStyles\" data-wp-on--click=\"actions.showLightbox\" data-wp-on--load=\"callbacks.setButtonStyles\" data-wp-on--pointerdown=\"actions.preloadImage\" data-wp-on--pointerenter=\"actions.preloadImageWithDelay\" data-wp-on--pointerleave=\"actions.cancelPreload\" data-wp-on-window--resize=\"callbacks.setButtonStyles\" src=\"https:\/\/www.fronteacciaiocromato.art\/wp-content\/uploads\/2025\/04\/MOTHER-AND-SON-SAN-MARINO-1.20-hights-5.webp\" alt=\"\" class=\"wp-image-2682\" style=\"border-radius:5px\" srcset=\"https:\/\/www.fronteacciaiocromato.art\/wp-content\/uploads\/2025\/04\/MOTHER-AND-SON-SAN-MARINO-1.20-hights-5.webp 723w, https:\/\/www.fronteacciaiocromato.art\/wp-content\/uploads\/2025\/04\/MOTHER-AND-SON-SAN-MARINO-1.20-hights-5-226x300.webp 226w, https:\/\/www.fronteacciaiocromato.art\/wp-content\/uploads\/2025\/04\/MOTHER-AND-SON-SAN-MARINO-1.20-hights-5-600x797.webp 600w\" sizes=\"(max-width: 723px) 100vw, 723px\" \/><button\n\t\t\tclass=\"lightbox-trigger\"\n\t\t\ttype=\"button\"\n\t\t\taria-haspopup=\"dialog\"\n\t\t\tdata-wp-bind--aria-label=\"state.thisImage.triggerButtonAriaLabel\"\n\t\t\tdata-wp-init=\"callbacks.initTriggerButton\"\n\t\t\tdata-wp-on--click=\"actions.showLightbox\"\n\t\t\tdata-wp-style--right=\"state.thisImage.buttonRight\"\n\t\t\tdata-wp-style--top=\"state.thisImage.buttonTop\"\n\t\t>\n\t\t\t<svg xmlns=\"http:\/\/www.w3.org\/2000\/svg\" width=\"12\" height=\"12\" fill=\"none\" viewbox=\"0 0 12 12\">\n\t\t\t\t<path fill=\"#fff\" d=\"M2 0a2 2 0 0 0-2 2v2h1.5V2a.5.5 0 0 1 .5-.5h2V0H2Zm2 10.5H2a.5.5 0 0 1-.5-.5V8H0v2a2 2 0 0 0 2 2h2v-1.5ZM8 12v-1.5h2a.5.5 0 0 0 .5-.5V8H12v2a2 2 0 0 1-2 2H8Zm2-12a2 2 0 0 1 2 2v2h-1.5V2a.5.5 0 0 0-.5-.5H8V0h2Z\" \/>\n\t\t\t<\/svg>\n\t\t<\/button><\/figure>\n<\/div>\n<\/div>\n\n\n\n<div class=\"wp-block-columns are-vertically-aligned-center is-layout-flex wp-container-core-columns-is-layout-65deacd7 wp-block-columns-is-layout-flex\" style=\"padding-top:20px;padding-bottom:20px\">\n<div class=\"wp-block-column is-vertically-aligned-center is-layout-flow wp-block-column-is-layout-flow\" style=\"flex-basis:25%\">\n<figure class=\"wp-block-video ghostkit-custom-zHtCb\"><video  style=\"\"  autoplay loop muted src=\"https:\/\/www.fronteacciaiocromato.art\/wp-content\/uploads\/2013\/04\/SM3.mp4\" playsinline><\/video><\/figure>\n<\/div>\n\n\n\n<div class=\"wp-block-column is-vertically-aligned-center is-layout-flow wp-block-column-is-layout-flow\" style=\"flex-basis:75%\">\n<p class=\"wp-block-paragraph\">Anche la vista posteriore della figura per me era fondamentale. Una lunga treccia stilizzata scende lungo la schiena, un contrappunto delicato alla massa del corpo.<\/p>\n<\/div>\n<\/div>\n\n\n\n<div style=\"height:20px\" aria-hidden=\"true\" class=\"wp-block-spacer\"><\/div>\n\n\n\n<p class=\"wp-block-paragraph\">\u00c8 femminilit\u00e0, \u00e8 continuit\u00e0, \u00e8 memoria culturale che passa di generazione in generazione.<\/p>\n\n\n\n<div style=\"height:20px\" aria-hidden=\"true\" class=\"wp-block-spacer\"><\/div>\n\n\n\n<div class=\"wp-block-columns are-vertically-aligned-center is-layout-flex wp-container-core-columns-is-layout-65deacd7 wp-block-columns-is-layout-flex\" style=\"padding-top:20px;padding-bottom:20px\">\n<div class=\"wp-block-column is-vertically-aligned-center is-layout-flow wp-block-column-is-layout-flow\" style=\"flex-basis:75%\">\n<p class=\"wp-block-paragraph\">Come tutte le opere realizzate durante il nostro simposio, Mother and Son ha trovato la sua collocazione permanente lungo le mura storiche di San Marino, e la mia \u00e8 posizionata accanto a una delle porte principali della citt\u00e0. Per me \u00e8 un onore particolare. Non la vedo solo come una scultura, ma come un simbolo di collaborazione, in senso pi\u00f9 ampio: un principio creativo, la forma concreta di sogni che hanno preso corpo.<\/p>\n<\/div>\n\n\n\n<div class=\"wp-block-column is-vertically-aligned-center is-layout-flow wp-block-column-is-layout-flow\" style=\"flex-basis:25%\">\n<figure data-wp-context=\"{&quot;imageId&quot;:&quot;6a9cdeb40e284&quot;}\" data-wp-interactive=\"core\/image\" data-wp-key=\"6a9cdeb40e284\" class=\"wp-block-image size-full has-custom-border ghostkit-custom-Z22hMUP wp-lightbox-container\"><img loading=\"lazy\" decoding=\"async\" width=\"600\" height=\"800\" data-wp-class--hide=\"state.isContentHidden\" data-wp-class--show=\"state.isContentVisible\" data-wp-init=\"callbacks.setButtonStyles\" data-wp-on--click=\"actions.showLightbox\" data-wp-on--load=\"callbacks.setButtonStyles\" data-wp-on--pointerdown=\"actions.preloadImage\" data-wp-on--pointerenter=\"actions.preloadImageWithDelay\" data-wp-on--pointerleave=\"actions.cancelPreload\" data-wp-on-window--resize=\"callbacks.setButtonStyles\" src=\"https:\/\/www.fronteacciaiocromato.art\/wp-content\/uploads\/2025\/04\/MOTHER-AND-SON-SAN-MARINO-1.20-hights-4.webp\" alt=\"\" class=\"wp-image-2681\" style=\"border-radius:5px\" srcset=\"https:\/\/www.fronteacciaiocromato.art\/wp-content\/uploads\/2025\/04\/MOTHER-AND-SON-SAN-MARINO-1.20-hights-4.webp 600w, https:\/\/www.fronteacciaiocromato.art\/wp-content\/uploads\/2025\/04\/MOTHER-AND-SON-SAN-MARINO-1.20-hights-4-225x300.webp 225w\" sizes=\"(max-width: 600px) 100vw, 600px\" \/><button\n\t\t\tclass=\"lightbox-trigger\"\n\t\t\ttype=\"button\"\n\t\t\taria-haspopup=\"dialog\"\n\t\t\tdata-wp-bind--aria-label=\"state.thisImage.triggerButtonAriaLabel\"\n\t\t\tdata-wp-init=\"callbacks.initTriggerButton\"\n\t\t\tdata-wp-on--click=\"actions.showLightbox\"\n\t\t\tdata-wp-style--right=\"state.thisImage.buttonRight\"\n\t\t\tdata-wp-style--top=\"state.thisImage.buttonTop\"\n\t\t>\n\t\t\t<svg xmlns=\"http:\/\/www.w3.org\/2000\/svg\" width=\"12\" height=\"12\" fill=\"none\" viewbox=\"0 0 12 12\">\n\t\t\t\t<path fill=\"#fff\" d=\"M2 0a2 2 0 0 0-2 2v2h1.5V2a.5.5 0 0 1 .5-.5h2V0H2Zm2 10.5H2a.5.5 0 0 1-.5-.5V8H0v2a2 2 0 0 0 2 2h2v-1.5ZM8 12v-1.5h2a.5.5 0 0 0 .5-.5V8H12v2a2 2 0 0 1-2 2H8Zm2-12a2 2 0 0 1 2 2v2h-1.5V2a.5.5 0 0 0-.5-.5H8V0h2Z\" \/>\n\t\t\t<\/svg>\n\t\t<\/button><\/figure>\n<\/div>\n<\/div>\n\n\n\n<div class=\"wp-block-columns are-vertically-aligned-center is-layout-flex wp-container-core-columns-is-layout-65deacd7 wp-block-columns-is-layout-flex\" style=\"padding-top:20px;padding-bottom:20px\">\n<div class=\"wp-block-column is-vertically-aligned-center is-layout-flow wp-block-column-is-layout-flow\" style=\"flex-basis:34%\">\n<figure class=\"wp-block-video ghostkit-custom-Z16LaDa\"><video  style=\"\"  autoplay loop muted src=\"https:\/\/www.fronteacciaiocromato.art\/wp-content\/uploads\/2013\/04\/SM4.mp4\" playsinline><\/video><\/figure>\n<\/div>\n\n\n\n<div class=\"wp-block-column is-vertically-aligned-center is-layout-flow wp-block-column-is-layout-flow\" style=\"flex-basis:66%\">\n<p class=\"wp-block-paragraph\">Dentro Mother and Son c\u2019\u00e8 molto di me, la mia voce artistica, le mie immagini interiori. Sono profondamente grato a tutte le persone che hanno preso parte a questo progetto, e in particolare a mia madre Birgit, che mi ha dato la vita.<\/p>\n<\/div>\n<\/div>\n\n\n\n<div style=\"height:20px\" aria-hidden=\"true\" class=\"wp-block-spacer\"><\/div>\n\n\n\n<p class=\"wp-block-paragraph\">San Marino 2013<\/p>","protected":false},"excerpt":{"rendered":"<p>Nel 2013 ho avuto la grande gioia e la sfida di organizzare il primo simposio internazionale di scultura su pietra \u201cLa Forza del Sogno\u201d a San Marino insieme a colleghi meravigliosi, tra cui il mio caro amico, lo scultore francese Christian Ib\u00e1\u00f1es.<\/p>","protected":false},"author":2,"featured_media":2677,"comment_status":"closed","ping_status":"closed","sticky":false,"template":"","format":"standard","meta":{"footnotes":""},"categories":[31],"tags":[82],"class_list":["post-2675","post","type-post","status-publish","format-standard","has-post-thumbnail","hentry","category-artworks","tag-stefanie-krome"],"yoast_head":"<!-- This site is optimized with the Yoast SEO plugin v28.3 - https:\/\/yoast.com\/product\/yoast-seo-wordpress\/ -->\n<title>Mother and Son - FAC-FronteAcciaioCromato<\/title>\n<meta name=\"robots\" content=\"index, follow, max-snippet:-1, max-image-preview:large, max-video-preview:-1\" \/>\n<link rel=\"canonical\" href=\"https:\/\/www.fronteacciaiocromato.art\/it\/mother-and-son\/\" \/>\n<meta property=\"og:locale\" content=\"it_IT\" \/>\n<meta property=\"og:type\" content=\"article\" \/>\n<meta property=\"og:title\" content=\"Mother and Son - FAC-FronteAcciaioCromato\" \/>\n<meta property=\"og:description\" content=\"In 2013, I had the great joy and challenge of organizing the first international stone sculpture symposium \u201cLa Forza del Sogno\u201d in San Marino together with wonderful colleagues, including my dear friend, the French sculptor Christian Ib\u00e1\u00f1es.\" \/>\n<meta property=\"og:url\" content=\"https:\/\/www.fronteacciaiocromato.art\/it\/mother-and-son\/\" \/>\n<meta property=\"og:site_name\" content=\"FAC-FronteAcciaioCromato\" \/>\n<meta property=\"article:publisher\" content=\"https:\/\/www.facebook.com\/FRONTEACCIAIOCROMATO\/\" \/>\n<meta property=\"article:published_time\" content=\"2013-04-16T09:46:00+00:00\" \/>\n<meta property=\"article:modified_time\" content=\"2025-10-03T12:45:25+00:00\" \/>\n<meta property=\"og:image\" content=\"https:\/\/www.fronteacciaiocromato.art\/wp-content\/uploads\/2025\/04\/MAIN-SAN-MARINO.webp\" \/>\n\t<meta property=\"og:image:width\" content=\"945\" \/>\n\t<meta property=\"og:image:height\" content=\"1417\" \/>\n\t<meta property=\"og:image:type\" content=\"image\/webp\" \/>\n<meta name=\"author\" content=\"Max Fruzza\" \/>\n<meta name=\"twitter:card\" content=\"summary_large_image\" \/>\n<meta name=\"twitter:creator\" content=\"@FAC_CARRARA\" \/>\n<meta name=\"twitter:site\" content=\"@FAC_CARRARA\" \/>\n<meta name=\"twitter:label1\" content=\"Scritto da\" \/>\n\t<meta name=\"twitter:data1\" content=\"Max Fruzza\" \/>\n\t<meta name=\"twitter:label2\" content=\"Tempo di lettura stimato\" \/>\n\t<meta name=\"twitter:data2\" content=\"3 minuti\" \/>\n<script type=\"application\/ld+json\" class=\"yoast-schema-graph\">{\"@context\":\"https:\\\/\\\/schema.org\",\"@graph\":[{\"@type\":\"Article\",\"@id\":\"https:\\\/\\\/www.fronteacciaiocromato.art\\\/mother-and-son\\\/#article\",\"isPartOf\":{\"@id\":\"https:\\\/\\\/www.fronteacciaiocromato.art\\\/mother-and-son\\\/\"},\"author\":{\"name\":\"Max Fruzza\",\"@id\":\"https:\\\/\\\/www.fronteacciaiocromato.art\\\/#\\\/schema\\\/person\\\/69d7f5fe1da853770b91a67ee91a4c15\"},\"headline\":\"Mother and Son\",\"datePublished\":\"2013-04-16T09:46:00+00:00\",\"dateModified\":\"2025-10-03T12:45:25+00:00\",\"mainEntityOfPage\":{\"@id\":\"https:\\\/\\\/www.fronteacciaiocromato.art\\\/mother-and-son\\\/\"},\"wordCount\":543,\"publisher\":{\"@id\":\"https:\\\/\\\/www.fronteacciaiocromato.art\\\/#organization\"},\"image\":{\"@id\":\"https:\\\/\\\/www.fronteacciaiocromato.art\\\/mother-and-son\\\/#primaryimage\"},\"thumbnailUrl\":\"https:\\\/\\\/www.fronteacciaiocromato.art\\\/wp-content\\\/uploads\\\/2025\\\/04\\\/MAIN-SAN-MARINO.webp\",\"keywords\":[\"Stefanie Krome\"],\"articleSection\":[\"Artworks\"],\"inLanguage\":\"it-IT\"},{\"@type\":\"WebPage\",\"@id\":\"https:\\\/\\\/www.fronteacciaiocromato.art\\\/mother-and-son\\\/\",\"url\":\"https:\\\/\\\/www.fronteacciaiocromato.art\\\/mother-and-son\\\/\",\"name\":\"Mother and Son - FAC-FronteAcciaioCromato\",\"isPartOf\":{\"@id\":\"https:\\\/\\\/www.fronteacciaiocromato.art\\\/#website\"},\"primaryImageOfPage\":{\"@id\":\"https:\\\/\\\/www.fronteacciaiocromato.art\\\/mother-and-son\\\/#primaryimage\"},\"image\":{\"@id\":\"https:\\\/\\\/www.fronteacciaiocromato.art\\\/mother-and-son\\\/#primaryimage\"},\"thumbnailUrl\":\"https:\\\/\\\/www.fronteacciaiocromato.art\\\/wp-content\\\/uploads\\\/2025\\\/04\\\/MAIN-SAN-MARINO.webp\",\"datePublished\":\"2013-04-16T09:46:00+00:00\",\"dateModified\":\"2025-10-03T12:45:25+00:00\",\"breadcrumb\":{\"@id\":\"https:\\\/\\\/www.fronteacciaiocromato.art\\\/mother-and-son\\\/#breadcrumb\"},\"inLanguage\":\"it-IT\",\"potentialAction\":[{\"@type\":\"ReadAction\",\"target\":[\"https:\\\/\\\/www.fronteacciaiocromato.art\\\/mother-and-son\\\/\"]}]},{\"@type\":\"ImageObject\",\"inLanguage\":\"it-IT\",\"@id\":\"https:\\\/\\\/www.fronteacciaiocromato.art\\\/mother-and-son\\\/#primaryimage\",\"url\":\"https:\\\/\\\/www.fronteacciaiocromato.art\\\/wp-content\\\/uploads\\\/2025\\\/04\\\/MAIN-SAN-MARINO.webp\",\"contentUrl\":\"https:\\\/\\\/www.fronteacciaiocromato.art\\\/wp-content\\\/uploads\\\/2025\\\/04\\\/MAIN-SAN-MARINO.webp\",\"width\":945,\"height\":1417},{\"@type\":\"BreadcrumbList\",\"@id\":\"https:\\\/\\\/www.fronteacciaiocromato.art\\\/mother-and-son\\\/#breadcrumb\",\"itemListElement\":[{\"@type\":\"ListItem\",\"position\":1,\"name\":\"Home\",\"item\":\"https:\\\/\\\/www.fronteacciaiocromato.art\\\/\"},{\"@type\":\"ListItem\",\"position\":2,\"name\":\"Mother and Son\"}]},{\"@type\":\"WebSite\",\"@id\":\"https:\\\/\\\/www.fronteacciaiocromato.art\\\/#website\",\"url\":\"https:\\\/\\\/www.fronteacciaiocromato.art\\\/\",\"name\":\"FAC-FronteAcciaioCromato\",\"description\":\"Art Collective\",\"publisher\":{\"@id\":\"https:\\\/\\\/www.fronteacciaiocromato.art\\\/#organization\"},\"potentialAction\":[{\"@type\":\"SearchAction\",\"target\":{\"@type\":\"EntryPoint\",\"urlTemplate\":\"https:\\\/\\\/www.fronteacciaiocromato.art\\\/?s={search_term_string}\"},\"query-input\":{\"@type\":\"PropertyValueSpecification\",\"valueRequired\":true,\"valueName\":\"search_term_string\"}}],\"inLanguage\":\"it-IT\"},{\"@type\":\"Organization\",\"@id\":\"https:\\\/\\\/www.fronteacciaiocromato.art\\\/#organization\",\"name\":\"FAC-FronteAcciaioCromato\",\"url\":\"https:\\\/\\\/www.fronteacciaiocromato.art\\\/\",\"logo\":{\"@type\":\"ImageObject\",\"inLanguage\":\"it-IT\",\"@id\":\"https:\\\/\\\/www.fronteacciaiocromato.art\\\/#\\\/schema\\\/logo\\\/image\\\/\",\"url\":\"https:\\\/\\\/www.fronteacciaiocromato.art\\\/wp-content\\\/uploads\\\/2024\\\/03\\\/FAC-Logo-Web-01.png\",\"contentUrl\":\"https:\\\/\\\/www.fronteacciaiocromato.art\\\/wp-content\\\/uploads\\\/2024\\\/03\\\/FAC-Logo-Web-01.png\",\"width\":309,\"height\":90,\"caption\":\"FAC-FronteAcciaioCromato\"},\"image\":{\"@id\":\"https:\\\/\\\/www.fronteacciaiocromato.art\\\/#\\\/schema\\\/logo\\\/image\\\/\"},\"sameAs\":[\"https:\\\/\\\/www.facebook.com\\\/FRONTEACCIAIOCROMATO\\\/\",\"https:\\\/\\\/x.com\\\/FAC_CARRARA\",\"https:\\\/\\\/www.instagram.com\\\/fronteacciaiocromato\\\/\",\"https:\\\/\\\/www.tiktok.com\\\/@fac_fronteacciaiocromato\"]},{\"@type\":\"Person\",\"@id\":\"https:\\\/\\\/www.fronteacciaiocromato.art\\\/#\\\/schema\\\/person\\\/69d7f5fe1da853770b91a67ee91a4c15\",\"name\":\"Max Fruzza\",\"image\":{\"@type\":\"ImageObject\",\"inLanguage\":\"it-IT\",\"@id\":\"https:\\\/\\\/secure.gravatar.com\\\/avatar\\\/e1d03f8ce3ebef3b93a587bdf3b7b0210957959a3d8177fabfbb4606d01b30a0?s=96&d=mm&r=g\",\"url\":\"https:\\\/\\\/secure.gravatar.com\\\/avatar\\\/e1d03f8ce3ebef3b93a587bdf3b7b0210957959a3d8177fabfbb4606d01b30a0?s=96&d=mm&r=g\",\"contentUrl\":\"https:\\\/\\\/secure.gravatar.com\\\/avatar\\\/e1d03f8ce3ebef3b93a587bdf3b7b0210957959a3d8177fabfbb4606d01b30a0?s=96&d=mm&r=g\",\"caption\":\"Max Fruzza\"},\"url\":\"https:\\\/\\\/www.fronteacciaiocromato.art\\\/it\\\/author\\\/wvfkzzpjprgfjf\\\/\"}]}<\/script>\n<!-- \/ Yoast SEO plugin. -->","yoast_head_json":{"title":"Mother and Son - FAC-FronteAcciaioCromato","robots":{"index":"index","follow":"follow","max-snippet":"max-snippet:-1","max-image-preview":"max-image-preview:large","max-video-preview":"max-video-preview:-1"},"canonical":"https:\/\/www.fronteacciaiocromato.art\/it\/mother-and-son\/","og_locale":"it_IT","og_type":"article","og_title":"Mother and Son - FAC-FronteAcciaioCromato","og_description":"In 2013, I had the great joy and challenge of organizing the first international stone sculpture symposium \u201cLa Forza del Sogno\u201d in San Marino together with wonderful colleagues, including my dear friend, the French sculptor Christian Ib\u00e1\u00f1es.","og_url":"https:\/\/www.fronteacciaiocromato.art\/it\/mother-and-son\/","og_site_name":"FAC-FronteAcciaioCromato","article_publisher":"https:\/\/www.facebook.com\/FRONTEACCIAIOCROMATO\/","article_published_time":"2013-04-16T09:46:00+00:00","article_modified_time":"2025-10-03T12:45:25+00:00","og_image":[{"width":945,"height":1417,"url":"https:\/\/www.fronteacciaiocromato.art\/wp-content\/uploads\/2025\/04\/MAIN-SAN-MARINO.webp","type":"image\/webp"}],"author":"Max Fruzza","twitter_card":"summary_large_image","twitter_creator":"@FAC_CARRARA","twitter_site":"@FAC_CARRARA","twitter_misc":{"Scritto da":"Max Fruzza","Tempo di lettura stimato":"3 minuti"},"schema":{"@context":"https:\/\/schema.org","@graph":[{"@type":"Article","@id":"https:\/\/www.fronteacciaiocromato.art\/mother-and-son\/#article","isPartOf":{"@id":"https:\/\/www.fronteacciaiocromato.art\/mother-and-son\/"},"author":{"name":"Max Fruzza","@id":"https:\/\/www.fronteacciaiocromato.art\/#\/schema\/person\/69d7f5fe1da853770b91a67ee91a4c15"},"headline":"Mother and Son","datePublished":"2013-04-16T09:46:00+00:00","dateModified":"2025-10-03T12:45:25+00:00","mainEntityOfPage":{"@id":"https:\/\/www.fronteacciaiocromato.art\/mother-and-son\/"},"wordCount":543,"publisher":{"@id":"https:\/\/www.fronteacciaiocromato.art\/#organization"},"image":{"@id":"https:\/\/www.fronteacciaiocromato.art\/mother-and-son\/#primaryimage"},"thumbnailUrl":"https:\/\/www.fronteacciaiocromato.art\/wp-content\/uploads\/2025\/04\/MAIN-SAN-MARINO.webp","keywords":["Stefanie Krome"],"articleSection":["Artworks"],"inLanguage":"it-IT"},{"@type":"WebPage","@id":"https:\/\/www.fronteacciaiocromato.art\/mother-and-son\/","url":"https:\/\/www.fronteacciaiocromato.art\/mother-and-son\/","name":"Mother and Son - FAC-FronteAcciaioCromato","isPartOf":{"@id":"https:\/\/www.fronteacciaiocromato.art\/#website"},"primaryImageOfPage":{"@id":"https:\/\/www.fronteacciaiocromato.art\/mother-and-son\/#primaryimage"},"image":{"@id":"https:\/\/www.fronteacciaiocromato.art\/mother-and-son\/#primaryimage"},"thumbnailUrl":"https:\/\/www.fronteacciaiocromato.art\/wp-content\/uploads\/2025\/04\/MAIN-SAN-MARINO.webp","datePublished":"2013-04-16T09:46:00+00:00","dateModified":"2025-10-03T12:45:25+00:00","breadcrumb":{"@id":"https:\/\/www.fronteacciaiocromato.art\/mother-and-son\/#breadcrumb"},"inLanguage":"it-IT","potentialAction":[{"@type":"ReadAction","target":["https:\/\/www.fronteacciaiocromato.art\/mother-and-son\/"]}]},{"@type":"ImageObject","inLanguage":"it-IT","@id":"https:\/\/www.fronteacciaiocromato.art\/mother-and-son\/#primaryimage","url":"https:\/\/www.fronteacciaiocromato.art\/wp-content\/uploads\/2025\/04\/MAIN-SAN-MARINO.webp","contentUrl":"https:\/\/www.fronteacciaiocromato.art\/wp-content\/uploads\/2025\/04\/MAIN-SAN-MARINO.webp","width":945,"height":1417},{"@type":"BreadcrumbList","@id":"https:\/\/www.fronteacciaiocromato.art\/mother-and-son\/#breadcrumb","itemListElement":[{"@type":"ListItem","position":1,"name":"Home","item":"https:\/\/www.fronteacciaiocromato.art\/"},{"@type":"ListItem","position":2,"name":"Mother and Son"}]},{"@type":"WebSite","@id":"https:\/\/www.fronteacciaiocromato.art\/#website","url":"https:\/\/www.fronteacciaiocromato.art\/","name":"FAC-FronteAcciaioCromato","description":"Art Collective","publisher":{"@id":"https:\/\/www.fronteacciaiocromato.art\/#organization"},"potentialAction":[{"@type":"SearchAction","target":{"@type":"EntryPoint","urlTemplate":"https:\/\/www.fronteacciaiocromato.art\/?s={search_term_string}"},"query-input":{"@type":"PropertyValueSpecification","valueRequired":true,"valueName":"search_term_string"}}],"inLanguage":"it-IT"},{"@type":"Organization","@id":"https:\/\/www.fronteacciaiocromato.art\/#organization","name":"FAC-FronteAcciaioCromato","url":"https:\/\/www.fronteacciaiocromato.art\/","logo":{"@type":"ImageObject","inLanguage":"it-IT","@id":"https:\/\/www.fronteacciaiocromato.art\/#\/schema\/logo\/image\/","url":"https:\/\/www.fronteacciaiocromato.art\/wp-content\/uploads\/2024\/03\/FAC-Logo-Web-01.png","contentUrl":"https:\/\/www.fronteacciaiocromato.art\/wp-content\/uploads\/2024\/03\/FAC-Logo-Web-01.png","width":309,"height":90,"caption":"FAC-FronteAcciaioCromato"},"image":{"@id":"https:\/\/www.fronteacciaiocromato.art\/#\/schema\/logo\/image\/"},"sameAs":["https:\/\/www.facebook.com\/FRONTEACCIAIOCROMATO\/","https:\/\/x.com\/FAC_CARRARA","https:\/\/www.instagram.com\/fronteacciaiocromato\/","https:\/\/www.tiktok.com\/@fac_fronteacciaiocromato"]},{"@type":"Person","@id":"https:\/\/www.fronteacciaiocromato.art\/#\/schema\/person\/69d7f5fe1da853770b91a67ee91a4c15","name":"Max Fruzza","image":{"@type":"ImageObject","inLanguage":"it-IT","@id":"https:\/\/secure.gravatar.com\/avatar\/e1d03f8ce3ebef3b93a587bdf3b7b0210957959a3d8177fabfbb4606d01b30a0?s=96&d=mm&r=g","url":"https:\/\/secure.gravatar.com\/avatar\/e1d03f8ce3ebef3b93a587bdf3b7b0210957959a3d8177fabfbb4606d01b30a0?s=96&d=mm&r=g","contentUrl":"https:\/\/secure.gravatar.com\/avatar\/e1d03f8ce3ebef3b93a587bdf3b7b0210957959a3d8177fabfbb4606d01b30a0?s=96&d=mm&r=g","caption":"Max Fruzza"},"url":"https:\/\/www.fronteacciaiocromato.art\/it\/author\/wvfkzzpjprgfjf\/"}]}},"_links":{"self":[{"href":"https:\/\/www.fronteacciaiocromato.art\/it\/wp-json\/wp\/v2\/posts\/2675","targetHints":{"allow":["GET"]}}],"collection":[{"href":"https:\/\/www.fronteacciaiocromato.art\/it\/wp-json\/wp\/v2\/posts"}],"about":[{"href":"https:\/\/www.fronteacciaiocromato.art\/it\/wp-json\/wp\/v2\/types\/post"}],"author":[{"embeddable":true,"href":"https:\/\/www.fronteacciaiocromato.art\/it\/wp-json\/wp\/v2\/users\/2"}],"replies":[{"embeddable":true,"href":"https:\/\/www.fronteacciaiocromato.art\/it\/wp-json\/wp\/v2\/comments?post=2675"}],"version-history":[{"count":0,"href":"https:\/\/www.fronteacciaiocromato.art\/it\/wp-json\/wp\/v2\/posts\/2675\/revisions"}],"wp:featuredmedia":[{"embeddable":true,"href":"https:\/\/www.fronteacciaiocromato.art\/it\/wp-json\/wp\/v2\/media\/2677"}],"wp:attachment":[{"href":"https:\/\/www.fronteacciaiocromato.art\/it\/wp-json\/wp\/v2\/media?parent=2675"}],"wp:term":[{"taxonomy":"category","embeddable":true,"href":"https:\/\/www.fronteacciaiocromato.art\/it\/wp-json\/wp\/v2\/categories?post=2675"},{"taxonomy":"post_tag","embeddable":true,"href":"https:\/\/www.fronteacciaiocromato.art\/it\/wp-json\/wp\/v2\/tags?post=2675"}],"curies":[{"name":"wp","href":"https:\/\/api.w.org\/{rel}","templated":true}]}}