{"id":3577,"date":"2012-10-20T15:38:00","date_gmt":"2012-10-20T15:38:00","guid":{"rendered":"https:\/\/www.fronteacciaiocromato.art\/?p=3577"},"modified":"2026-01-09T14:29:33","modified_gmt":"2026-01-09T14:29:33","slug":"volo-dellangelo","status":"publish","type":"post","link":"https:\/\/www.fronteacciaiocromato.art\/it\/volo-dellangelo\/","title":{"rendered":"Volo dell&#8217;Angelo"},"content":{"rendered":"<p class=\"wp-block-paragraph\">Venezia \u00e8 una citt\u00e0 che galleggia da secoli, sospesa tra acqua e cielo, tra rovina, muffa e bellezza. Proprio l\u00ec, in quel tremolante tra, si trova la mia installazione Volo del Angelo.<\/p>\n\n\n\n<div class=\"wp-block-columns are-vertically-aligned-center is-layout-flex wp-container-core-columns-is-layout-65deacd7 wp-block-columns-is-layout-flex\" style=\"padding-top:20px;padding-bottom:20px\">\n<div class=\"wp-block-column is-vertically-aligned-center is-layout-flow wp-block-column-is-layout-flow\" style=\"flex-basis:33.33%\">\n<figure class=\"wp-block-video ghostkit-custom-ZK37Fd\"><video  style=\"\"  autoplay loop muted src=\"https:\/\/www.fronteacciaiocromato.art\/wp-content\/uploads\/2012\/10\/VOLO-DEL-ANGELO-VIDEO-VENEZIA.mp4\" playsinline><\/video><\/figure>\n<\/div>\n\n\n\n<div class=\"wp-block-column is-vertically-aligned-center is-layout-flow wp-block-column-is-layout-flow\" style=\"flex-basis:66.66%\">\n<p class=\"wp-block-paragraph\">L\u2019opera \u00e8 stata realizzata nel 2012 per la mostra Dreaming of Lucidity, curata dalla mia cara amica Charlotte Stein, fondatrice della Galerie Infantellina Contemporary a Berlino. Charlotte \u00e8 una di quelle rare curatrici che non si limita a organizzare, ma incarna davvero il senso dell\u2019arte. Si muove tra Berlino e Venezia come un medium tra due stati della materia, perspicace, di buon umore, selvaggia e intransigente.<\/p>\n<\/div>\n<\/div>\n\n\n\n<p class=\"wp-block-paragraph\">Presentata nel venerabile Palazzo Zenobio, l\u2019opera esplora esattamente questo fragile regno tra consapevolezza e sogno, tra ragione e lati oscuri della fede, tra speranza vana e tardiva realizzazione.<\/p>\n\n\n\n<div class=\"wp-block-columns are-vertically-aligned-center is-layout-flex wp-container-core-columns-is-layout-65deacd7 wp-block-columns-is-layout-flex\" style=\"padding-top:20px;padding-bottom:20px\">\n<div class=\"wp-block-column is-vertically-aligned-center is-layout-flow wp-block-column-is-layout-flow\" style=\"flex-basis:75%\">\n<p class=\"wp-block-paragraph\">Il mio angelo, una creatura inclinata scolpita interamente in marmo Statuario di Carrara, \u00e8 un\u2019ulteriore manifestazione delle mie figure Pinokel e allo stesso tempo un omaggio al famoso rituale veneziano del Volo dell\u2019Angelo, quando ogni anno un angelo scivola su Piazza San Marco per aprire la stagione del carnevale.<\/p>\n\n\n\n<p class=\"wp-block-paragraph\">Sospeso su una colonna di marmo rotante, collegato da un sistema semi-filigranato di catene, l\u2019angelo pende in un fragile equilibrio. Da un lato: due forme di marmo a forma di uovo, simboli di rinascita, incise con le parole CREDENZA e SPERANZA.<\/p>\n<\/div>\n\n\n\n<div class=\"wp-block-column is-vertically-aligned-center is-layout-flow wp-block-column-is-layout-flow\" style=\"flex-basis:25%\">\n<figure data-wp-context=\"{&quot;imageId&quot;:&quot;6a9ce1dccaf4a&quot;}\" data-wp-interactive=\"core\/image\" data-wp-key=\"6a9ce1dccaf4a\" class=\"wp-block-image size-large has-custom-border ghostkit-custom-ZRxJ3l wp-lightbox-container\"><img fetchpriority=\"high\" decoding=\"async\" width=\"768\" height=\"1024\" data-wp-class--hide=\"state.isContentHidden\" data-wp-class--show=\"state.isContentVisible\" data-wp-init=\"callbacks.setButtonStyles\" data-wp-on--click=\"actions.showLightbox\" data-wp-on--load=\"callbacks.setButtonStyles\" data-wp-on--pointerdown=\"actions.preloadImage\" data-wp-on--pointerenter=\"actions.preloadImageWithDelay\" data-wp-on--pointerleave=\"actions.cancelPreload\" data-wp-on-window--resize=\"callbacks.setButtonStyles\" src=\"https:\/\/www.fronteacciaiocromato.art\/wp-content\/uploads\/2012\/10\/Volo_Dell_Angelo_05-768x1024.webp\" alt=\"\" class=\"wp-image-3590\" style=\"border-radius:5px\" srcset=\"https:\/\/www.fronteacciaiocromato.art\/wp-content\/uploads\/2012\/10\/Volo_Dell_Angelo_05-768x1024.webp 768w, https:\/\/www.fronteacciaiocromato.art\/wp-content\/uploads\/2012\/10\/Volo_Dell_Angelo_05-225x300.webp 225w, https:\/\/www.fronteacciaiocromato.art\/wp-content\/uploads\/2012\/10\/Volo_Dell_Angelo_05-1152x1536.webp 1152w, https:\/\/www.fronteacciaiocromato.art\/wp-content\/uploads\/2012\/10\/Volo_Dell_Angelo_05-600x800.webp 600w, https:\/\/www.fronteacciaiocromato.art\/wp-content\/uploads\/2012\/10\/Volo_Dell_Angelo_05.webp 1500w\" sizes=\"(max-width: 768px) 100vw, 768px\" \/><button\n\t\t\tclass=\"lightbox-trigger\"\n\t\t\ttype=\"button\"\n\t\t\taria-haspopup=\"dialog\"\n\t\t\tdata-wp-bind--aria-label=\"state.thisImage.triggerButtonAriaLabel\"\n\t\t\tdata-wp-init=\"callbacks.initTriggerButton\"\n\t\t\tdata-wp-on--click=\"actions.showLightbox\"\n\t\t\tdata-wp-style--right=\"state.thisImage.buttonRight\"\n\t\t\tdata-wp-style--top=\"state.thisImage.buttonTop\"\n\t\t>\n\t\t\t<svg xmlns=\"http:\/\/www.w3.org\/2000\/svg\" width=\"12\" height=\"12\" fill=\"none\" viewbox=\"0 0 12 12\">\n\t\t\t\t<path fill=\"#fff\" d=\"M2 0a2 2 0 0 0-2 2v2h1.5V2a.5.5 0 0 1 .5-.5h2V0H2Zm2 10.5H2a.5.5 0 0 1-.5-.5V8H0v2a2 2 0 0 0 2 2h2v-1.5ZM8 12v-1.5h2a.5.5 0 0 0 .5-.5V8H12v2a2 2 0 0 1-2 2H8Zm2-12a2 2 0 0 1 2 2v2h-1.5V2a.5.5 0 0 0-.5-.5H8V0h2Z\" \/>\n\t\t\t<\/svg>\n\t\t<\/button><\/figure>\n<\/div>\n<\/div>\n\n\n\n<p class=\"wp-block-paragraph\">Dall\u2019altro: l\u2019angelo stesso, che porta, in un piccolo atto di devozione auto-inflitta, un contrappeso sadomasochistico che pende dolorosamente dai suoi seni, inciso con le parole ARTE E SCIENZA.<\/p>\n\n\n\n<div class=\"wp-block-columns are-vertically-aligned-center is-layout-flex wp-container-core-columns-is-layout-65deacd7 wp-block-columns-is-layout-flex\" style=\"padding-top:20px;padding-bottom:20px\">\n<div class=\"wp-block-column is-vertically-aligned-center is-layout-flow wp-block-column-is-layout-flow\" style=\"flex-basis:25%\">\n<figure data-wp-context=\"{&quot;imageId&quot;:&quot;6a9ce1dccb732&quot;}\" data-wp-interactive=\"core\/image\" data-wp-key=\"6a9ce1dccb732\" class=\"wp-block-image size-large has-custom-border ghostkit-custom-JPw0A wp-lightbox-container\"><img decoding=\"async\" width=\"768\" height=\"1024\" data-wp-class--hide=\"state.isContentHidden\" data-wp-class--show=\"state.isContentVisible\" data-wp-init=\"callbacks.setButtonStyles\" data-wp-on--click=\"actions.showLightbox\" data-wp-on--load=\"callbacks.setButtonStyles\" data-wp-on--pointerdown=\"actions.preloadImage\" data-wp-on--pointerenter=\"actions.preloadImageWithDelay\" data-wp-on--pointerleave=\"actions.cancelPreload\" data-wp-on-window--resize=\"callbacks.setButtonStyles\" src=\"https:\/\/www.fronteacciaiocromato.art\/wp-content\/uploads\/2012\/10\/Volo_Dell_Angelo_03-768x1024.webp\" alt=\"\" class=\"wp-image-3585\" style=\"border-radius:5px\" srcset=\"https:\/\/www.fronteacciaiocromato.art\/wp-content\/uploads\/2012\/10\/Volo_Dell_Angelo_03-768x1024.webp 768w, https:\/\/www.fronteacciaiocromato.art\/wp-content\/uploads\/2012\/10\/Volo_Dell_Angelo_03-225x300.webp 225w, https:\/\/www.fronteacciaiocromato.art\/wp-content\/uploads\/2012\/10\/Volo_Dell_Angelo_03-1152x1536.webp 1152w, https:\/\/www.fronteacciaiocromato.art\/wp-content\/uploads\/2012\/10\/Volo_Dell_Angelo_03-600x800.webp 600w, https:\/\/www.fronteacciaiocromato.art\/wp-content\/uploads\/2012\/10\/Volo_Dell_Angelo_03.webp 1500w\" sizes=\"(max-width: 768px) 100vw, 768px\" \/><button\n\t\t\tclass=\"lightbox-trigger\"\n\t\t\ttype=\"button\"\n\t\t\taria-haspopup=\"dialog\"\n\t\t\tdata-wp-bind--aria-label=\"state.thisImage.triggerButtonAriaLabel\"\n\t\t\tdata-wp-init=\"callbacks.initTriggerButton\"\n\t\t\tdata-wp-on--click=\"actions.showLightbox\"\n\t\t\tdata-wp-style--right=\"state.thisImage.buttonRight\"\n\t\t\tdata-wp-style--top=\"state.thisImage.buttonTop\"\n\t\t>\n\t\t\t<svg xmlns=\"http:\/\/www.w3.org\/2000\/svg\" width=\"12\" height=\"12\" fill=\"none\" viewbox=\"0 0 12 12\">\n\t\t\t\t<path fill=\"#fff\" d=\"M2 0a2 2 0 0 0-2 2v2h1.5V2a.5.5 0 0 1 .5-.5h2V0H2Zm2 10.5H2a.5.5 0 0 1-.5-.5V8H0v2a2 2 0 0 0 2 2h2v-1.5ZM8 12v-1.5h2a.5.5 0 0 0 .5-.5V8H12v2a2 2 0 0 1-2 2H8Zm2-12a2 2 0 0 1 2 2v2h-1.5V2a.5.5 0 0 0-.5-.5H8V0h2Z\" \/>\n\t\t\t<\/svg>\n\t\t<\/button><\/figure>\n<\/div>\n\n\n\n<div class=\"wp-block-column is-vertically-aligned-center is-layout-flow wp-block-column-is-layout-flow\" style=\"flex-basis:75%\">\n<p class=\"wp-block-paragraph\">Questa distribuzione simbolica del peso non \u00e8 casuale. Esprime la tensione che mi accompagna da anni, il fragile equilibrio tra scienza e arte, tra conoscenza razionale e bisogno umano di significato. Il mio angelo non galleggia in libert\u00e0; \u00e8 intrappolato in un sistema di contrappesi, un equilibrio che esiste solo perch\u00e9 \u00e8 costantemente minacciato.<\/p>\n<\/div>\n<\/div>\n\n\n\n<p class=\"wp-block-paragraph\">Purtroppo, fede e speranza sono sempre pi\u00f9 pesanti di arte e scienza, e quindi trascinano quest\u2019ultime verso il basso.<\/p>\n\n\n\n<div class=\"wp-block-columns are-vertically-aligned-center is-layout-flex wp-container-core-columns-is-layout-65deacd7 wp-block-columns-is-layout-flex\" style=\"padding-top:20px;padding-bottom:20px\">\n<div class=\"wp-block-column is-vertically-aligned-center is-layout-flow wp-block-column-is-layout-flow\">\n<figure data-wp-context=\"{&quot;imageId&quot;:&quot;6a9ce1dccbec4&quot;}\" data-wp-interactive=\"core\/image\" data-wp-key=\"6a9ce1dccbec4\" class=\"wp-block-image size-large wp-lightbox-container\"><img decoding=\"async\" width=\"769\" height=\"1024\" data-wp-class--hide=\"state.isContentHidden\" data-wp-class--show=\"state.isContentVisible\" data-wp-init=\"callbacks.setButtonStyles\" data-wp-on--click=\"actions.showLightbox\" data-wp-on--load=\"callbacks.setButtonStyles\" data-wp-on--pointerdown=\"actions.preloadImage\" data-wp-on--pointerenter=\"actions.preloadImageWithDelay\" data-wp-on--pointerleave=\"actions.cancelPreload\" data-wp-on-window--resize=\"callbacks.setButtonStyles\" src=\"https:\/\/www.fronteacciaiocromato.art\/wp-content\/uploads\/2012\/10\/Volo_Dell_Angelo_07-769x1024.webp\" alt=\"\" class=\"wp-image-3595\" srcset=\"https:\/\/www.fronteacciaiocromato.art\/wp-content\/uploads\/2012\/10\/Volo_Dell_Angelo_07-769x1024.webp 769w, https:\/\/www.fronteacciaiocromato.art\/wp-content\/uploads\/2012\/10\/Volo_Dell_Angelo_07-225x300.webp 225w, https:\/\/www.fronteacciaiocromato.art\/wp-content\/uploads\/2012\/10\/Volo_Dell_Angelo_07-768x1023.webp 768w, https:\/\/www.fronteacciaiocromato.art\/wp-content\/uploads\/2012\/10\/Volo_Dell_Angelo_07-1153x1536.webp 1153w, https:\/\/www.fronteacciaiocromato.art\/wp-content\/uploads\/2012\/10\/Volo_Dell_Angelo_07-600x799.webp 600w, https:\/\/www.fronteacciaiocromato.art\/wp-content\/uploads\/2012\/10\/Volo_Dell_Angelo_07.webp 1501w\" sizes=\"(max-width: 769px) 100vw, 769px\" \/><button\n\t\t\tclass=\"lightbox-trigger\"\n\t\t\ttype=\"button\"\n\t\t\taria-haspopup=\"dialog\"\n\t\t\tdata-wp-bind--aria-label=\"state.thisImage.triggerButtonAriaLabel\"\n\t\t\tdata-wp-init=\"callbacks.initTriggerButton\"\n\t\t\tdata-wp-on--click=\"actions.showLightbox\"\n\t\t\tdata-wp-style--right=\"state.thisImage.buttonRight\"\n\t\t\tdata-wp-style--top=\"state.thisImage.buttonTop\"\n\t\t>\n\t\t\t<svg xmlns=\"http:\/\/www.w3.org\/2000\/svg\" width=\"12\" height=\"12\" fill=\"none\" viewbox=\"0 0 12 12\">\n\t\t\t\t<path fill=\"#fff\" d=\"M2 0a2 2 0 0 0-2 2v2h1.5V2a.5.5 0 0 1 .5-.5h2V0H2Zm2 10.5H2a.5.5 0 0 1-.5-.5V8H0v2a2 2 0 0 0 2 2h2v-1.5ZM8 12v-1.5h2a.5.5 0 0 0 .5-.5V8H12v2a2 2 0 0 1-2 2H8Zm2-12a2 2 0 0 1 2 2v2h-1.5V2a.5.5 0 0 0-.5-.5H8V0h2Z\" \/>\n\t\t\t<\/svg>\n\t\t<\/button><\/figure>\n<\/div>\n\n\n\n<div class=\"wp-block-column is-vertically-aligned-center is-layout-flow wp-block-column-is-layout-flow\">\n<figure data-wp-context=\"{&quot;imageId&quot;:&quot;6a9ce1dccc400&quot;}\" data-wp-interactive=\"core\/image\" data-wp-key=\"6a9ce1dccc400\" class=\"wp-block-image size-large wp-lightbox-container\"><img loading=\"lazy\" decoding=\"async\" width=\"953\" height=\"1024\" data-wp-class--hide=\"state.isContentHidden\" data-wp-class--show=\"state.isContentVisible\" data-wp-init=\"callbacks.setButtonStyles\" data-wp-on--click=\"actions.showLightbox\" data-wp-on--load=\"callbacks.setButtonStyles\" data-wp-on--pointerdown=\"actions.preloadImage\" data-wp-on--pointerenter=\"actions.preloadImageWithDelay\" data-wp-on--pointerleave=\"actions.cancelPreload\" data-wp-on-window--resize=\"callbacks.setButtonStyles\" src=\"https:\/\/www.fronteacciaiocromato.art\/wp-content\/uploads\/2012\/10\/Volo_Dell_Angelo_09-953x1024.webp\" alt=\"\" class=\"wp-image-3596\" srcset=\"https:\/\/www.fronteacciaiocromato.art\/wp-content\/uploads\/2012\/10\/Volo_Dell_Angelo_09-953x1024.webp 953w, https:\/\/www.fronteacciaiocromato.art\/wp-content\/uploads\/2012\/10\/Volo_Dell_Angelo_09-279x300.webp 279w, https:\/\/www.fronteacciaiocromato.art\/wp-content\/uploads\/2012\/10\/Volo_Dell_Angelo_09-768x825.webp 768w, https:\/\/www.fronteacciaiocromato.art\/wp-content\/uploads\/2012\/10\/Volo_Dell_Angelo_09-1430x1536.webp 1430w, https:\/\/www.fronteacciaiocromato.art\/wp-content\/uploads\/2012\/10\/Volo_Dell_Angelo_09-600x644.webp 600w, https:\/\/www.fronteacciaiocromato.art\/wp-content\/uploads\/2012\/10\/Volo_Dell_Angelo_09.webp 1862w\" sizes=\"(max-width: 953px) 100vw, 953px\" \/><button\n\t\t\tclass=\"lightbox-trigger\"\n\t\t\ttype=\"button\"\n\t\t\taria-haspopup=\"dialog\"\n\t\t\tdata-wp-bind--aria-label=\"state.thisImage.triggerButtonAriaLabel\"\n\t\t\tdata-wp-init=\"callbacks.initTriggerButton\"\n\t\t\tdata-wp-on--click=\"actions.showLightbox\"\n\t\t\tdata-wp-style--right=\"state.thisImage.buttonRight\"\n\t\t\tdata-wp-style--top=\"state.thisImage.buttonTop\"\n\t\t>\n\t\t\t<svg xmlns=\"http:\/\/www.w3.org\/2000\/svg\" width=\"12\" height=\"12\" fill=\"none\" viewbox=\"0 0 12 12\">\n\t\t\t\t<path fill=\"#fff\" d=\"M2 0a2 2 0 0 0-2 2v2h1.5V2a.5.5 0 0 1 .5-.5h2V0H2Zm2 10.5H2a.5.5 0 0 1-.5-.5V8H0v2a2 2 0 0 0 2 2h2v-1.5ZM8 12v-1.5h2a.5.5 0 0 0 .5-.5V8H12v2a2 2 0 0 1-2 2H8Zm2-12a2 2 0 0 1 2 2v2h-1.5V2a.5.5 0 0 0-.5-.5H8V0h2Z\" \/>\n\t\t\t<\/svg>\n\t\t<\/button><\/figure>\n<\/div>\n\n\n\n<div class=\"wp-block-column is-vertically-aligned-center is-layout-flow wp-block-column-is-layout-flow\">\n<figure data-wp-context=\"{&quot;imageId&quot;:&quot;6a9ce1dccc941&quot;}\" data-wp-interactive=\"core\/image\" data-wp-key=\"6a9ce1dccc941\" class=\"wp-block-image size-large wp-lightbox-container\"><img loading=\"lazy\" decoding=\"async\" width=\"723\" height=\"1024\" data-wp-class--hide=\"state.isContentHidden\" data-wp-class--show=\"state.isContentVisible\" data-wp-init=\"callbacks.setButtonStyles\" data-wp-on--click=\"actions.showLightbox\" data-wp-on--load=\"callbacks.setButtonStyles\" data-wp-on--pointerdown=\"actions.preloadImage\" data-wp-on--pointerenter=\"actions.preloadImageWithDelay\" data-wp-on--pointerleave=\"actions.cancelPreload\" data-wp-on-window--resize=\"callbacks.setButtonStyles\" src=\"https:\/\/www.fronteacciaiocromato.art\/wp-content\/uploads\/2012\/10\/Volo_Dell_Angelo_08-723x1024.webp\" alt=\"\" class=\"wp-image-3597\" srcset=\"https:\/\/www.fronteacciaiocromato.art\/wp-content\/uploads\/2012\/10\/Volo_Dell_Angelo_08-723x1024.webp 723w, https:\/\/www.fronteacciaiocromato.art\/wp-content\/uploads\/2012\/10\/Volo_Dell_Angelo_08-212x300.webp 212w, https:\/\/www.fronteacciaiocromato.art\/wp-content\/uploads\/2012\/10\/Volo_Dell_Angelo_08-768x1088.webp 768w, https:\/\/www.fronteacciaiocromato.art\/wp-content\/uploads\/2012\/10\/Volo_Dell_Angelo_08-1084x1536.webp 1084w, https:\/\/www.fronteacciaiocromato.art\/wp-content\/uploads\/2012\/10\/Volo_Dell_Angelo_08-600x850.webp 600w, https:\/\/www.fronteacciaiocromato.art\/wp-content\/uploads\/2012\/10\/Volo_Dell_Angelo_08.webp 1412w\" sizes=\"(max-width: 723px) 100vw, 723px\" \/><button\n\t\t\tclass=\"lightbox-trigger\"\n\t\t\ttype=\"button\"\n\t\t\taria-haspopup=\"dialog\"\n\t\t\tdata-wp-bind--aria-label=\"state.thisImage.triggerButtonAriaLabel\"\n\t\t\tdata-wp-init=\"callbacks.initTriggerButton\"\n\t\t\tdata-wp-on--click=\"actions.showLightbox\"\n\t\t\tdata-wp-style--right=\"state.thisImage.buttonRight\"\n\t\t\tdata-wp-style--top=\"state.thisImage.buttonTop\"\n\t\t>\n\t\t\t<svg xmlns=\"http:\/\/www.w3.org\/2000\/svg\" width=\"12\" height=\"12\" fill=\"none\" viewbox=\"0 0 12 12\">\n\t\t\t\t<path fill=\"#fff\" d=\"M2 0a2 2 0 0 0-2 2v2h1.5V2a.5.5 0 0 1 .5-.5h2V0H2Zm2 10.5H2a.5.5 0 0 1-.5-.5V8H0v2a2 2 0 0 0 2 2h2v-1.5ZM8 12v-1.5h2a.5.5 0 0 0 .5-.5V8H12v2a2 2 0 0 1-2 2H8Zm2-12a2 2 0 0 1 2 2v2h-1.5V2a.5.5 0 0 0-.5-.5H8V0h2Z\" \/>\n\t\t\t<\/svg>\n\t\t<\/button><\/figure>\n<\/div>\n<\/div>\n\n\n\n<p class=\"wp-block-paragraph\">Il suo corpo \u00e8 sensuale, non infantile, ferito e grottescamente santificato. Il sorriso congelato, gli occhi vuoti, le ali pesanti, i capelli dorati e perfetti. Un essere che desidera volare, ma \u00e8 trattenuto dalla gravit\u00e0 della paura.<\/p>\n\n\n\n<div class=\"wp-block-columns are-vertically-aligned-center is-layout-flex wp-container-core-columns-is-layout-65deacd7 wp-block-columns-is-layout-flex\" style=\"padding-top:20px;padding-bottom:20px\">\n<div class=\"wp-block-column is-vertically-aligned-center is-layout-flow wp-block-column-is-layout-flow\" style=\"flex-basis:75%\">\n<p class=\"wp-block-paragraph\">Non si tratta solo di religione, ma della tensione tra fiducia, conoscenza e azione.<\/p>\n\n\n\n<p class=\"wp-block-paragraph\">Anche il tipo sbagliato di azione. Quella vecchia domanda: se un mondo senza illusione o distrazione potrebbe mai essere sopportato. (Per me personalmente, no.)<\/p>\n\n\n\n<p class=\"wp-block-paragraph\">Sopra l\u2019installazione pende il primissimo prototipo della nostra serie F.A.C. Cruxials, un piccolo lavoro del mio periodo a Gerusalemme: il mio piccolo Ges\u00f9 Cristo, di buon umore, ma comunque un sacrilegio. Quella connessione aveva importanza per me: sopra, il simbolo iconico della redenzione; sotto, il suo angelo di marmo, che lotta invano per mantenere il proprio equilibrio intellettuale.<\/p>\n<\/div>\n\n\n\n<div class=\"wp-block-column is-vertically-aligned-center is-layout-flow wp-block-column-is-layout-flow\" style=\"flex-basis:25%\">\n<figure data-wp-context=\"{&quot;imageId&quot;:&quot;6a9ce1dccd254&quot;}\" data-wp-interactive=\"core\/image\" data-wp-key=\"6a9ce1dccd254\" class=\"wp-block-image size-full has-custom-border ghostkit-custom-ZlgrR7 wp-lightbox-container\"><img loading=\"lazy\" decoding=\"async\" width=\"720\" height=\"960\" data-wp-class--hide=\"state.isContentHidden\" data-wp-class--show=\"state.isContentVisible\" data-wp-init=\"callbacks.setButtonStyles\" data-wp-on--click=\"actions.showLightbox\" data-wp-on--load=\"callbacks.setButtonStyles\" data-wp-on--pointerdown=\"actions.preloadImage\" data-wp-on--pointerenter=\"actions.preloadImageWithDelay\" data-wp-on--pointerleave=\"actions.cancelPreload\" data-wp-on-window--resize=\"callbacks.setButtonStyles\" src=\"https:\/\/www.fronteacciaiocromato.art\/wp-content\/uploads\/2012\/10\/Volo_Dell_Angelo_02.webp\" alt=\"\" class=\"wp-image-3584\" style=\"border-radius:5px\" srcset=\"https:\/\/www.fronteacciaiocromato.art\/wp-content\/uploads\/2012\/10\/Volo_Dell_Angelo_02.webp 720w, https:\/\/www.fronteacciaiocromato.art\/wp-content\/uploads\/2012\/10\/Volo_Dell_Angelo_02-225x300.webp 225w, https:\/\/www.fronteacciaiocromato.art\/wp-content\/uploads\/2012\/10\/Volo_Dell_Angelo_02-600x800.webp 600w\" sizes=\"(max-width: 720px) 100vw, 720px\" \/><button\n\t\t\tclass=\"lightbox-trigger\"\n\t\t\ttype=\"button\"\n\t\t\taria-haspopup=\"dialog\"\n\t\t\tdata-wp-bind--aria-label=\"state.thisImage.triggerButtonAriaLabel\"\n\t\t\tdata-wp-init=\"callbacks.initTriggerButton\"\n\t\t\tdata-wp-on--click=\"actions.showLightbox\"\n\t\t\tdata-wp-style--right=\"state.thisImage.buttonRight\"\n\t\t\tdata-wp-style--top=\"state.thisImage.buttonTop\"\n\t\t>\n\t\t\t<svg xmlns=\"http:\/\/www.w3.org\/2000\/svg\" width=\"12\" height=\"12\" fill=\"none\" viewbox=\"0 0 12 12\">\n\t\t\t\t<path fill=\"#fff\" d=\"M2 0a2 2 0 0 0-2 2v2h1.5V2a.5.5 0 0 1 .5-.5h2V0H2Zm2 10.5H2a.5.5 0 0 1-.5-.5V8H0v2a2 2 0 0 0 2 2h2v-1.5ZM8 12v-1.5h2a.5.5 0 0 0 .5-.5V8H12v2a2 2 0 0 1-2 2H8Zm2-12a2 2 0 0 1 2 2v2h-1.5V2a.5.5 0 0 0-.5-.5H8V0h2Z\" \/>\n\t\t\t<\/svg>\n\t\t<\/button><\/figure>\n<\/div>\n<\/div>\n\n\n\n<p class=\"wp-block-paragraph\">Lo spazio stesso, una sala buia con pannelli in legno all\u2019interno di Palazzo Zenobio, amplificava tutto. Dove di solito regnava il silenzio, durante la mostra si poteva sentire solo il lieve tintinnio delle catene.<\/p>\n\n\n\n<div class=\"wp-block-columns are-vertically-aligned-center is-layout-flex wp-container-core-columns-is-layout-65deacd7 wp-block-columns-is-layout-flex\" style=\"padding-top:20px;padding-bottom:20px\">\n<div class=\"wp-block-column is-vertically-aligned-center is-layout-flow wp-block-column-is-layout-flow\" style=\"flex-basis:25%\">\n<figure data-wp-context=\"{&quot;imageId&quot;:&quot;6a9ce1dccd989&quot;}\" data-wp-interactive=\"core\/image\" data-wp-key=\"6a9ce1dccd989\" class=\"wp-block-image size-large has-custom-border ghostkit-custom-PKefD wp-lightbox-container\"><img loading=\"lazy\" decoding=\"async\" width=\"768\" height=\"1024\" data-wp-class--hide=\"state.isContentHidden\" data-wp-class--show=\"state.isContentVisible\" data-wp-init=\"callbacks.setButtonStyles\" data-wp-on--click=\"actions.showLightbox\" data-wp-on--load=\"callbacks.setButtonStyles\" data-wp-on--pointerdown=\"actions.preloadImage\" data-wp-on--pointerenter=\"actions.preloadImageWithDelay\" data-wp-on--pointerleave=\"actions.cancelPreload\" data-wp-on-window--resize=\"callbacks.setButtonStyles\" src=\"https:\/\/www.fronteacciaiocromato.art\/wp-content\/uploads\/2012\/10\/Volo_Dell_Angelo_04-768x1024.webp\" alt=\"\" class=\"wp-image-3587\" style=\"border-radius:5px\" srcset=\"https:\/\/www.fronteacciaiocromato.art\/wp-content\/uploads\/2012\/10\/Volo_Dell_Angelo_04-768x1024.webp 768w, https:\/\/www.fronteacciaiocromato.art\/wp-content\/uploads\/2012\/10\/Volo_Dell_Angelo_04-225x300.webp 225w, https:\/\/www.fronteacciaiocromato.art\/wp-content\/uploads\/2012\/10\/Volo_Dell_Angelo_04-1152x1536.webp 1152w, https:\/\/www.fronteacciaiocromato.art\/wp-content\/uploads\/2012\/10\/Volo_Dell_Angelo_04-600x800.webp 600w, https:\/\/www.fronteacciaiocromato.art\/wp-content\/uploads\/2012\/10\/Volo_Dell_Angelo_04.webp 1500w\" sizes=\"(max-width: 768px) 100vw, 768px\" \/><button\n\t\t\tclass=\"lightbox-trigger\"\n\t\t\ttype=\"button\"\n\t\t\taria-haspopup=\"dialog\"\n\t\t\tdata-wp-bind--aria-label=\"state.thisImage.triggerButtonAriaLabel\"\n\t\t\tdata-wp-init=\"callbacks.initTriggerButton\"\n\t\t\tdata-wp-on--click=\"actions.showLightbox\"\n\t\t\tdata-wp-style--right=\"state.thisImage.buttonRight\"\n\t\t\tdata-wp-style--top=\"state.thisImage.buttonTop\"\n\t\t>\n\t\t\t<svg xmlns=\"http:\/\/www.w3.org\/2000\/svg\" width=\"12\" height=\"12\" fill=\"none\" viewbox=\"0 0 12 12\">\n\t\t\t\t<path fill=\"#fff\" d=\"M2 0a2 2 0 0 0-2 2v2h1.5V2a.5.5 0 0 1 .5-.5h2V0H2Zm2 10.5H2a.5.5 0 0 1-.5-.5V8H0v2a2 2 0 0 0 2 2h2v-1.5ZM8 12v-1.5h2a.5.5 0 0 0 .5-.5V8H12v2a2 2 0 0 1-2 2H8Zm2-12a2 2 0 0 1 2 2v2h-1.5V2a.5.5 0 0 0-.5-.5H8V0h2Z\" \/>\n\t\t\t<\/svg>\n\t\t<\/button><\/figure>\n<\/div>\n\n\n\n<div class=\"wp-block-column is-vertically-aligned-center is-layout-flow wp-block-column-is-layout-flow\" style=\"flex-basis:75%\">\n<p class=\"wp-block-paragraph\">Ricordo quei tre giorni a Venezia: montare l\u2019installazione nella fredda luce invernale, le lunghe conversazioni con Charlotte sull\u2019arte, sulla responsabilit\u00e0 e sul perch\u00e9 Venezia stia lentamente sprofondando nel mare e l\u2019incubo assoluto di trasportare sculture di marmo fragili su quei tremolanti taxi d\u2019acqua tra le onde della laguna. E la pioggia. Ma Charlotte era calma come sempre, concentrata su ci\u00f2 che contava.<\/p>\n\n\n\n<p class=\"wp-block-paragraph\">\u201cL\u2019arte,\u201d mi disse una volta, \u201cnon \u00e8 un altare, \u00e8 una proposta di equilibrio tra bellezza e il prossimo crollo.\u201d<\/p>\n\n\n\n<p class=\"wp-block-paragraph\">Ed \u00e8 esattamente quello che Volo del Angelo era: non un volo, ma una condizione.<\/p>\n<\/div>\n<\/div>\n\n\n\n<p class=\"wp-block-paragraph\">Uno stato di sospensione, di resistenza, senza mentire a se stessi.<\/p>\n\n\n\n<p class=\"wp-block-paragraph\">Dopo quella mostra mi resi conto di quanto profondamente Venezia avesse inscritto il suo corpo nell\u2019opera, questa citt\u00e0 che rifiuta di affondare, anche mentre gi\u00e0 sprofonda.<\/p>\n\n\n\n<div class=\"wp-block-columns are-vertically-aligned-center is-layout-flex wp-container-core-columns-is-layout-65deacd7 wp-block-columns-is-layout-flex\" style=\"padding-top:20px;padding-bottom:20px\">\n<div class=\"wp-block-column is-vertically-aligned-center is-layout-flow wp-block-column-is-layout-flow\">\n<figure data-wp-context=\"{&quot;imageId&quot;:&quot;6a9ce1dcce2ef&quot;}\" data-wp-interactive=\"core\/image\" data-wp-key=\"6a9ce1dcce2ef\" class=\"wp-block-image size-large has-custom-border ghostkit-custom-Z2jVUaH wp-lightbox-container\"><img loading=\"lazy\" decoding=\"async\" width=\"1024\" height=\"768\" data-wp-class--hide=\"state.isContentHidden\" data-wp-class--show=\"state.isContentVisible\" data-wp-init=\"callbacks.setButtonStyles\" data-wp-on--click=\"actions.showLightbox\" data-wp-on--load=\"callbacks.setButtonStyles\" data-wp-on--pointerdown=\"actions.preloadImage\" data-wp-on--pointerenter=\"actions.preloadImageWithDelay\" data-wp-on--pointerleave=\"actions.cancelPreload\" data-wp-on-window--resize=\"callbacks.setButtonStyles\" src=\"https:\/\/www.fronteacciaiocromato.art\/wp-content\/uploads\/2012\/10\/Volo_Dell_Angelo_06-1024x768.webp\" alt=\"\" class=\"wp-image-3592\" style=\"border-radius:5px\" srcset=\"https:\/\/www.fronteacciaiocromato.art\/wp-content\/uploads\/2012\/10\/Volo_Dell_Angelo_06-1024x768.webp 1024w, https:\/\/www.fronteacciaiocromato.art\/wp-content\/uploads\/2012\/10\/Volo_Dell_Angelo_06-300x225.webp 300w, https:\/\/www.fronteacciaiocromato.art\/wp-content\/uploads\/2012\/10\/Volo_Dell_Angelo_06-768x576.webp 768w, https:\/\/www.fronteacciaiocromato.art\/wp-content\/uploads\/2012\/10\/Volo_Dell_Angelo_06-1536x1152.webp 1536w, https:\/\/www.fronteacciaiocromato.art\/wp-content\/uploads\/2012\/10\/Volo_Dell_Angelo_06-600x450.webp 600w, https:\/\/www.fronteacciaiocromato.art\/wp-content\/uploads\/2012\/10\/Volo_Dell_Angelo_06.webp 2000w\" sizes=\"(max-width: 1024px) 100vw, 1024px\" \/><button\n\t\t\tclass=\"lightbox-trigger\"\n\t\t\ttype=\"button\"\n\t\t\taria-haspopup=\"dialog\"\n\t\t\tdata-wp-bind--aria-label=\"state.thisImage.triggerButtonAriaLabel\"\n\t\t\tdata-wp-init=\"callbacks.initTriggerButton\"\n\t\t\tdata-wp-on--click=\"actions.showLightbox\"\n\t\t\tdata-wp-style--right=\"state.thisImage.buttonRight\"\n\t\t\tdata-wp-style--top=\"state.thisImage.buttonTop\"\n\t\t>\n\t\t\t<svg xmlns=\"http:\/\/www.w3.org\/2000\/svg\" width=\"12\" height=\"12\" fill=\"none\" viewbox=\"0 0 12 12\">\n\t\t\t\t<path fill=\"#fff\" d=\"M2 0a2 2 0 0 0-2 2v2h1.5V2a.5.5 0 0 1 .5-.5h2V0H2Zm2 10.5H2a.5.5 0 0 1-.5-.5V8H0v2a2 2 0 0 0 2 2h2v-1.5ZM8 12v-1.5h2a.5.5 0 0 0 .5-.5V8H12v2a2 2 0 0 1-2 2H8Zm2-12a2 2 0 0 1 2 2v2h-1.5V2a.5.5 0 0 0-.5-.5H8V0h2Z\" \/>\n\t\t\t<\/svg>\n\t\t<\/button><\/figure>\n<\/div>\n\n\n\n<div class=\"wp-block-column is-vertically-aligned-center is-layout-flow wp-block-column-is-layout-flow\">\n<figure data-wp-context=\"{&quot;imageId&quot;:&quot;6a9ce1dcce7fc&quot;}\" data-wp-interactive=\"core\/image\" data-wp-key=\"6a9ce1dcce7fc\" class=\"wp-block-image size-full has-custom-border ghostkit-custom-Z1EQ1XM wp-lightbox-container\"><img loading=\"lazy\" decoding=\"async\" width=\"960\" height=\"720\" data-wp-class--hide=\"state.isContentHidden\" data-wp-class--show=\"state.isContentVisible\" data-wp-init=\"callbacks.setButtonStyles\" data-wp-on--click=\"actions.showLightbox\" data-wp-on--load=\"callbacks.setButtonStyles\" data-wp-on--pointerdown=\"actions.preloadImage\" data-wp-on--pointerenter=\"actions.preloadImageWithDelay\" data-wp-on--pointerleave=\"actions.cancelPreload\" data-wp-on-window--resize=\"callbacks.setButtonStyles\" src=\"https:\/\/www.fronteacciaiocromato.art\/wp-content\/uploads\/2012\/10\/Volo_Dell_Angelo_13.webp\" alt=\"\" class=\"wp-image-3593\" style=\"border-radius:5px\" srcset=\"https:\/\/www.fronteacciaiocromato.art\/wp-content\/uploads\/2012\/10\/Volo_Dell_Angelo_13.webp 960w, https:\/\/www.fronteacciaiocromato.art\/wp-content\/uploads\/2012\/10\/Volo_Dell_Angelo_13-300x225.webp 300w, https:\/\/www.fronteacciaiocromato.art\/wp-content\/uploads\/2012\/10\/Volo_Dell_Angelo_13-768x576.webp 768w, https:\/\/www.fronteacciaiocromato.art\/wp-content\/uploads\/2012\/10\/Volo_Dell_Angelo_13-600x450.webp 600w\" sizes=\"(max-width: 960px) 100vw, 960px\" \/><button\n\t\t\tclass=\"lightbox-trigger\"\n\t\t\ttype=\"button\"\n\t\t\taria-haspopup=\"dialog\"\n\t\t\tdata-wp-bind--aria-label=\"state.thisImage.triggerButtonAriaLabel\"\n\t\t\tdata-wp-init=\"callbacks.initTriggerButton\"\n\t\t\tdata-wp-on--click=\"actions.showLightbox\"\n\t\t\tdata-wp-style--right=\"state.thisImage.buttonRight\"\n\t\t\tdata-wp-style--top=\"state.thisImage.buttonTop\"\n\t\t>\n\t\t\t<svg xmlns=\"http:\/\/www.w3.org\/2000\/svg\" width=\"12\" height=\"12\" fill=\"none\" viewbox=\"0 0 12 12\">\n\t\t\t\t<path fill=\"#fff\" d=\"M2 0a2 2 0 0 0-2 2v2h1.5V2a.5.5 0 0 1 .5-.5h2V0H2Zm2 10.5H2a.5.5 0 0 1-.5-.5V8H0v2a2 2 0 0 0 2 2h2v-1.5ZM8 12v-1.5h2a.5.5 0 0 0 .5-.5V8H12v2a2 2 0 0 1-2 2H8Zm2-12a2 2 0 0 1 2 2v2h-1.5V2a.5.5 0 0 0-.5-.5H8V0h2Z\" \/>\n\t\t\t<\/svg>\n\t\t<\/button><\/figure>\n<\/div>\n\n\n\n<div class=\"wp-block-column is-vertically-aligned-center is-layout-flow wp-block-column-is-layout-flow\">\n<figure data-wp-context=\"{&quot;imageId&quot;:&quot;6a9ce1dcceba8&quot;}\" data-wp-interactive=\"core\/image\" data-wp-key=\"6a9ce1dcceba8\" class=\"wp-block-image size-full has-custom-border ghostkit-custom-Z1O4cjj wp-lightbox-container\"><img loading=\"lazy\" decoding=\"async\" width=\"960\" height=\"720\" data-wp-class--hide=\"state.isContentHidden\" data-wp-class--show=\"state.isContentVisible\" data-wp-init=\"callbacks.setButtonStyles\" data-wp-on--click=\"actions.showLightbox\" data-wp-on--load=\"callbacks.setButtonStyles\" data-wp-on--pointerdown=\"actions.preloadImage\" data-wp-on--pointerenter=\"actions.preloadImageWithDelay\" data-wp-on--pointerleave=\"actions.cancelPreload\" data-wp-on-window--resize=\"callbacks.setButtonStyles\" src=\"https:\/\/www.fronteacciaiocromato.art\/wp-content\/uploads\/2012\/10\/Volo_Dell_Angelo_11.webp\" alt=\"\" class=\"wp-image-3594\" style=\"border-radius:5px\" srcset=\"https:\/\/www.fronteacciaiocromato.art\/wp-content\/uploads\/2012\/10\/Volo_Dell_Angelo_11.webp 960w, https:\/\/www.fronteacciaiocromato.art\/wp-content\/uploads\/2012\/10\/Volo_Dell_Angelo_11-300x225.webp 300w, https:\/\/www.fronteacciaiocromato.art\/wp-content\/uploads\/2012\/10\/Volo_Dell_Angelo_11-768x576.webp 768w, https:\/\/www.fronteacciaiocromato.art\/wp-content\/uploads\/2012\/10\/Volo_Dell_Angelo_11-600x450.webp 600w\" sizes=\"(max-width: 960px) 100vw, 960px\" \/><button\n\t\t\tclass=\"lightbox-trigger\"\n\t\t\ttype=\"button\"\n\t\t\taria-haspopup=\"dialog\"\n\t\t\tdata-wp-bind--aria-label=\"state.thisImage.triggerButtonAriaLabel\"\n\t\t\tdata-wp-init=\"callbacks.initTriggerButton\"\n\t\t\tdata-wp-on--click=\"actions.showLightbox\"\n\t\t\tdata-wp-style--right=\"state.thisImage.buttonRight\"\n\t\t\tdata-wp-style--top=\"state.thisImage.buttonTop\"\n\t\t>\n\t\t\t<svg xmlns=\"http:\/\/www.w3.org\/2000\/svg\" width=\"12\" height=\"12\" fill=\"none\" viewbox=\"0 0 12 12\">\n\t\t\t\t<path fill=\"#fff\" d=\"M2 0a2 2 0 0 0-2 2v2h1.5V2a.5.5 0 0 1 .5-.5h2V0H2Zm2 10.5H2a.5.5 0 0 1-.5-.5V8H0v2a2 2 0 0 0 2 2h2v-1.5ZM8 12v-1.5h2a.5.5 0 0 0 .5-.5V8H12v2a2 2 0 0 1-2 2H8Zm2-12a2 2 0 0 1 2 2v2h-1.5V2a.5.5 0 0 0-.5-.5H8V0h2Z\" \/>\n\t\t\t<\/svg>\n\t\t<\/button><\/figure>\n<\/div>\n<\/div>\n\n\n\n<p class=\"wp-block-paragraph\">Volo del Angelo \u00e8 diventato una metafora di ci\u00f2 che ancora mi muove: il mio eterno atto di equilibrio tra fede e dubbio, tra speranza, scienza e arte.<\/p>\n\n\n\n<p class=\"wp-block-paragraph\">Venezia 2012<\/p>","protected":false},"excerpt":{"rendered":"<p>Palazzo Zenobio, Venezia<\/p>","protected":false},"author":2,"featured_media":3593,"comment_status":"closed","ping_status":"closed","sticky":false,"template":"","format":"standard","meta":{"footnotes":""},"categories":[31],"tags":[103],"class_list":["post-3577","post","type-post","status-publish","format-standard","has-post-thumbnail","hentry","category-artworks","tag-dominik-stahlberg"],"yoast_head":"<!-- This site is optimized with the Yoast SEO plugin v28.3 - https:\/\/yoast.com\/product\/yoast-seo-wordpress\/ -->\n<title>Volo dell&#039;Angelo - FAC-FronteAcciaioCromato<\/title>\n<meta name=\"robots\" content=\"index, follow, max-snippet:-1, max-image-preview:large, max-video-preview:-1\" \/>\n<link rel=\"canonical\" href=\"https:\/\/www.fronteacciaiocromato.art\/it\/volo-dellangelo\/\" \/>\n<meta property=\"og:locale\" content=\"it_IT\" \/>\n<meta property=\"og:type\" content=\"article\" \/>\n<meta property=\"og:title\" content=\"Volo dell&#039;Angelo - FAC-FronteAcciaioCromato\" \/>\n<meta property=\"og:description\" content=\"Palazzo Zenobio, Venice\" \/>\n<meta property=\"og:url\" content=\"https:\/\/www.fronteacciaiocromato.art\/it\/volo-dellangelo\/\" \/>\n<meta property=\"og:site_name\" content=\"FAC-FronteAcciaioCromato\" \/>\n<meta property=\"article:publisher\" content=\"https:\/\/www.facebook.com\/FRONTEACCIAIOCROMATO\/\" \/>\n<meta property=\"article:published_time\" content=\"2012-10-20T15:38:00+00:00\" \/>\n<meta property=\"article:modified_time\" content=\"2026-01-09T14:29:33+00:00\" \/>\n<meta property=\"og:image\" content=\"https:\/\/www.fronteacciaiocromato.art\/wp-content\/uploads\/2012\/10\/Volo_Dell_Angelo_13.webp\" \/>\n\t<meta property=\"og:image:width\" content=\"960\" \/>\n\t<meta property=\"og:image:height\" content=\"720\" \/>\n\t<meta property=\"og:image:type\" content=\"image\/webp\" \/>\n<meta name=\"author\" content=\"Max Fruzza\" \/>\n<meta name=\"twitter:card\" content=\"summary_large_image\" \/>\n<meta name=\"twitter:creator\" content=\"@FAC_CARRARA\" \/>\n<meta name=\"twitter:site\" content=\"@FAC_CARRARA\" \/>\n<meta name=\"twitter:label1\" content=\"Scritto da\" \/>\n\t<meta name=\"twitter:data1\" content=\"Max Fruzza\" \/>\n\t<meta name=\"twitter:label2\" content=\"Tempo di lettura stimato\" \/>\n\t<meta name=\"twitter:data2\" content=\"3 minuti\" \/>\n<script type=\"application\/ld+json\" class=\"yoast-schema-graph\">{\"@context\":\"https:\\\/\\\/schema.org\",\"@graph\":[{\"@type\":\"Article\",\"@id\":\"https:\\\/\\\/www.fronteacciaiocromato.art\\\/volo-dellangelo\\\/#article\",\"isPartOf\":{\"@id\":\"https:\\\/\\\/www.fronteacciaiocromato.art\\\/volo-dellangelo\\\/\"},\"author\":{\"name\":\"Max Fruzza\",\"@id\":\"https:\\\/\\\/www.fronteacciaiocromato.art\\\/#\\\/schema\\\/person\\\/69d7f5fe1da853770b91a67ee91a4c15\"},\"headline\":\"Volo dell&#8217;Angelo\",\"datePublished\":\"2012-10-20T15:38:00+00:00\",\"dateModified\":\"2026-01-09T14:29:33+00:00\",\"mainEntityOfPage\":{\"@id\":\"https:\\\/\\\/www.fronteacciaiocromato.art\\\/volo-dellangelo\\\/\"},\"wordCount\":667,\"publisher\":{\"@id\":\"https:\\\/\\\/www.fronteacciaiocromato.art\\\/#organization\"},\"image\":{\"@id\":\"https:\\\/\\\/www.fronteacciaiocromato.art\\\/volo-dellangelo\\\/#primaryimage\"},\"thumbnailUrl\":\"https:\\\/\\\/www.fronteacciaiocromato.art\\\/wp-content\\\/uploads\\\/2012\\\/10\\\/Volo_Dell_Angelo_13.webp\",\"keywords\":[\"Dominik Stahlberg\"],\"articleSection\":[\"Artworks\"],\"inLanguage\":\"it-IT\"},{\"@type\":\"WebPage\",\"@id\":\"https:\\\/\\\/www.fronteacciaiocromato.art\\\/volo-dellangelo\\\/\",\"url\":\"https:\\\/\\\/www.fronteacciaiocromato.art\\\/volo-dellangelo\\\/\",\"name\":\"Volo dell'Angelo - FAC-FronteAcciaioCromato\",\"isPartOf\":{\"@id\":\"https:\\\/\\\/www.fronteacciaiocromato.art\\\/#website\"},\"primaryImageOfPage\":{\"@id\":\"https:\\\/\\\/www.fronteacciaiocromato.art\\\/volo-dellangelo\\\/#primaryimage\"},\"image\":{\"@id\":\"https:\\\/\\\/www.fronteacciaiocromato.art\\\/volo-dellangelo\\\/#primaryimage\"},\"thumbnailUrl\":\"https:\\\/\\\/www.fronteacciaiocromato.art\\\/wp-content\\\/uploads\\\/2012\\\/10\\\/Volo_Dell_Angelo_13.webp\",\"datePublished\":\"2012-10-20T15:38:00+00:00\",\"dateModified\":\"2026-01-09T14:29:33+00:00\",\"breadcrumb\":{\"@id\":\"https:\\\/\\\/www.fronteacciaiocromato.art\\\/volo-dellangelo\\\/#breadcrumb\"},\"inLanguage\":\"it-IT\",\"potentialAction\":[{\"@type\":\"ReadAction\",\"target\":[\"https:\\\/\\\/www.fronteacciaiocromato.art\\\/volo-dellangelo\\\/\"]}]},{\"@type\":\"ImageObject\",\"inLanguage\":\"it-IT\",\"@id\":\"https:\\\/\\\/www.fronteacciaiocromato.art\\\/volo-dellangelo\\\/#primaryimage\",\"url\":\"https:\\\/\\\/www.fronteacciaiocromato.art\\\/wp-content\\\/uploads\\\/2012\\\/10\\\/Volo_Dell_Angelo_13.webp\",\"contentUrl\":\"https:\\\/\\\/www.fronteacciaiocromato.art\\\/wp-content\\\/uploads\\\/2012\\\/10\\\/Volo_Dell_Angelo_13.webp\",\"width\":960,\"height\":720},{\"@type\":\"BreadcrumbList\",\"@id\":\"https:\\\/\\\/www.fronteacciaiocromato.art\\\/volo-dellangelo\\\/#breadcrumb\",\"itemListElement\":[{\"@type\":\"ListItem\",\"position\":1,\"name\":\"Home\",\"item\":\"https:\\\/\\\/www.fronteacciaiocromato.art\\\/\"},{\"@type\":\"ListItem\",\"position\":2,\"name\":\"Volo dell&#8217;Angelo\"}]},{\"@type\":\"WebSite\",\"@id\":\"https:\\\/\\\/www.fronteacciaiocromato.art\\\/#website\",\"url\":\"https:\\\/\\\/www.fronteacciaiocromato.art\\\/\",\"name\":\"FAC-FronteAcciaioCromato\",\"description\":\"Art Collective\",\"publisher\":{\"@id\":\"https:\\\/\\\/www.fronteacciaiocromato.art\\\/#organization\"},\"potentialAction\":[{\"@type\":\"SearchAction\",\"target\":{\"@type\":\"EntryPoint\",\"urlTemplate\":\"https:\\\/\\\/www.fronteacciaiocromato.art\\\/?s={search_term_string}\"},\"query-input\":{\"@type\":\"PropertyValueSpecification\",\"valueRequired\":true,\"valueName\":\"search_term_string\"}}],\"inLanguage\":\"it-IT\"},{\"@type\":\"Organization\",\"@id\":\"https:\\\/\\\/www.fronteacciaiocromato.art\\\/#organization\",\"name\":\"FAC-FronteAcciaioCromato\",\"url\":\"https:\\\/\\\/www.fronteacciaiocromato.art\\\/\",\"logo\":{\"@type\":\"ImageObject\",\"inLanguage\":\"it-IT\",\"@id\":\"https:\\\/\\\/www.fronteacciaiocromato.art\\\/#\\\/schema\\\/logo\\\/image\\\/\",\"url\":\"https:\\\/\\\/www.fronteacciaiocromato.art\\\/wp-content\\\/uploads\\\/2024\\\/03\\\/FAC-Logo-Web-01.png\",\"contentUrl\":\"https:\\\/\\\/www.fronteacciaiocromato.art\\\/wp-content\\\/uploads\\\/2024\\\/03\\\/FAC-Logo-Web-01.png\",\"width\":309,\"height\":90,\"caption\":\"FAC-FronteAcciaioCromato\"},\"image\":{\"@id\":\"https:\\\/\\\/www.fronteacciaiocromato.art\\\/#\\\/schema\\\/logo\\\/image\\\/\"},\"sameAs\":[\"https:\\\/\\\/www.facebook.com\\\/FRONTEACCIAIOCROMATO\\\/\",\"https:\\\/\\\/x.com\\\/FAC_CARRARA\",\"https:\\\/\\\/www.instagram.com\\\/fronteacciaiocromato\\\/\",\"https:\\\/\\\/www.tiktok.com\\\/@fac_fronteacciaiocromato\"]},{\"@type\":\"Person\",\"@id\":\"https:\\\/\\\/www.fronteacciaiocromato.art\\\/#\\\/schema\\\/person\\\/69d7f5fe1da853770b91a67ee91a4c15\",\"name\":\"Max Fruzza\",\"image\":{\"@type\":\"ImageObject\",\"inLanguage\":\"it-IT\",\"@id\":\"https:\\\/\\\/secure.gravatar.com\\\/avatar\\\/e1d03f8ce3ebef3b93a587bdf3b7b0210957959a3d8177fabfbb4606d01b30a0?s=96&d=mm&r=g\",\"url\":\"https:\\\/\\\/secure.gravatar.com\\\/avatar\\\/e1d03f8ce3ebef3b93a587bdf3b7b0210957959a3d8177fabfbb4606d01b30a0?s=96&d=mm&r=g\",\"contentUrl\":\"https:\\\/\\\/secure.gravatar.com\\\/avatar\\\/e1d03f8ce3ebef3b93a587bdf3b7b0210957959a3d8177fabfbb4606d01b30a0?s=96&d=mm&r=g\",\"caption\":\"Max Fruzza\"},\"url\":\"https:\\\/\\\/www.fronteacciaiocromato.art\\\/it\\\/author\\\/wvfkzzpjprgfjf\\\/\"}]}<\/script>\n<!-- \/ Yoast SEO plugin. -->","yoast_head_json":{"title":"Volo dell'Angelo - FAC-FronteAcciaioCromato","robots":{"index":"index","follow":"follow","max-snippet":"max-snippet:-1","max-image-preview":"max-image-preview:large","max-video-preview":"max-video-preview:-1"},"canonical":"https:\/\/www.fronteacciaiocromato.art\/it\/volo-dellangelo\/","og_locale":"it_IT","og_type":"article","og_title":"Volo dell'Angelo - FAC-FronteAcciaioCromato","og_description":"Palazzo Zenobio, Venice","og_url":"https:\/\/www.fronteacciaiocromato.art\/it\/volo-dellangelo\/","og_site_name":"FAC-FronteAcciaioCromato","article_publisher":"https:\/\/www.facebook.com\/FRONTEACCIAIOCROMATO\/","article_published_time":"2012-10-20T15:38:00+00:00","article_modified_time":"2026-01-09T14:29:33+00:00","og_image":[{"width":960,"height":720,"url":"https:\/\/www.fronteacciaiocromato.art\/wp-content\/uploads\/2012\/10\/Volo_Dell_Angelo_13.webp","type":"image\/webp"}],"author":"Max Fruzza","twitter_card":"summary_large_image","twitter_creator":"@FAC_CARRARA","twitter_site":"@FAC_CARRARA","twitter_misc":{"Scritto da":"Max Fruzza","Tempo di lettura stimato":"3 minuti"},"schema":{"@context":"https:\/\/schema.org","@graph":[{"@type":"Article","@id":"https:\/\/www.fronteacciaiocromato.art\/volo-dellangelo\/#article","isPartOf":{"@id":"https:\/\/www.fronteacciaiocromato.art\/volo-dellangelo\/"},"author":{"name":"Max Fruzza","@id":"https:\/\/www.fronteacciaiocromato.art\/#\/schema\/person\/69d7f5fe1da853770b91a67ee91a4c15"},"headline":"Volo dell&#8217;Angelo","datePublished":"2012-10-20T15:38:00+00:00","dateModified":"2026-01-09T14:29:33+00:00","mainEntityOfPage":{"@id":"https:\/\/www.fronteacciaiocromato.art\/volo-dellangelo\/"},"wordCount":667,"publisher":{"@id":"https:\/\/www.fronteacciaiocromato.art\/#organization"},"image":{"@id":"https:\/\/www.fronteacciaiocromato.art\/volo-dellangelo\/#primaryimage"},"thumbnailUrl":"https:\/\/www.fronteacciaiocromato.art\/wp-content\/uploads\/2012\/10\/Volo_Dell_Angelo_13.webp","keywords":["Dominik Stahlberg"],"articleSection":["Artworks"],"inLanguage":"it-IT"},{"@type":"WebPage","@id":"https:\/\/www.fronteacciaiocromato.art\/volo-dellangelo\/","url":"https:\/\/www.fronteacciaiocromato.art\/volo-dellangelo\/","name":"Volo dell'Angelo - FAC-FronteAcciaioCromato","isPartOf":{"@id":"https:\/\/www.fronteacciaiocromato.art\/#website"},"primaryImageOfPage":{"@id":"https:\/\/www.fronteacciaiocromato.art\/volo-dellangelo\/#primaryimage"},"image":{"@id":"https:\/\/www.fronteacciaiocromato.art\/volo-dellangelo\/#primaryimage"},"thumbnailUrl":"https:\/\/www.fronteacciaiocromato.art\/wp-content\/uploads\/2012\/10\/Volo_Dell_Angelo_13.webp","datePublished":"2012-10-20T15:38:00+00:00","dateModified":"2026-01-09T14:29:33+00:00","breadcrumb":{"@id":"https:\/\/www.fronteacciaiocromato.art\/volo-dellangelo\/#breadcrumb"},"inLanguage":"it-IT","potentialAction":[{"@type":"ReadAction","target":["https:\/\/www.fronteacciaiocromato.art\/volo-dellangelo\/"]}]},{"@type":"ImageObject","inLanguage":"it-IT","@id":"https:\/\/www.fronteacciaiocromato.art\/volo-dellangelo\/#primaryimage","url":"https:\/\/www.fronteacciaiocromato.art\/wp-content\/uploads\/2012\/10\/Volo_Dell_Angelo_13.webp","contentUrl":"https:\/\/www.fronteacciaiocromato.art\/wp-content\/uploads\/2012\/10\/Volo_Dell_Angelo_13.webp","width":960,"height":720},{"@type":"BreadcrumbList","@id":"https:\/\/www.fronteacciaiocromato.art\/volo-dellangelo\/#breadcrumb","itemListElement":[{"@type":"ListItem","position":1,"name":"Home","item":"https:\/\/www.fronteacciaiocromato.art\/"},{"@type":"ListItem","position":2,"name":"Volo dell&#8217;Angelo"}]},{"@type":"WebSite","@id":"https:\/\/www.fronteacciaiocromato.art\/#website","url":"https:\/\/www.fronteacciaiocromato.art\/","name":"FAC-FronteAcciaioCromato","description":"Art Collective","publisher":{"@id":"https:\/\/www.fronteacciaiocromato.art\/#organization"},"potentialAction":[{"@type":"SearchAction","target":{"@type":"EntryPoint","urlTemplate":"https:\/\/www.fronteacciaiocromato.art\/?s={search_term_string}"},"query-input":{"@type":"PropertyValueSpecification","valueRequired":true,"valueName":"search_term_string"}}],"inLanguage":"it-IT"},{"@type":"Organization","@id":"https:\/\/www.fronteacciaiocromato.art\/#organization","name":"FAC-FronteAcciaioCromato","url":"https:\/\/www.fronteacciaiocromato.art\/","logo":{"@type":"ImageObject","inLanguage":"it-IT","@id":"https:\/\/www.fronteacciaiocromato.art\/#\/schema\/logo\/image\/","url":"https:\/\/www.fronteacciaiocromato.art\/wp-content\/uploads\/2024\/03\/FAC-Logo-Web-01.png","contentUrl":"https:\/\/www.fronteacciaiocromato.art\/wp-content\/uploads\/2024\/03\/FAC-Logo-Web-01.png","width":309,"height":90,"caption":"FAC-FronteAcciaioCromato"},"image":{"@id":"https:\/\/www.fronteacciaiocromato.art\/#\/schema\/logo\/image\/"},"sameAs":["https:\/\/www.facebook.com\/FRONTEACCIAIOCROMATO\/","https:\/\/x.com\/FAC_CARRARA","https:\/\/www.instagram.com\/fronteacciaiocromato\/","https:\/\/www.tiktok.com\/@fac_fronteacciaiocromato"]},{"@type":"Person","@id":"https:\/\/www.fronteacciaiocromato.art\/#\/schema\/person\/69d7f5fe1da853770b91a67ee91a4c15","name":"Max Fruzza","image":{"@type":"ImageObject","inLanguage":"it-IT","@id":"https:\/\/secure.gravatar.com\/avatar\/e1d03f8ce3ebef3b93a587bdf3b7b0210957959a3d8177fabfbb4606d01b30a0?s=96&d=mm&r=g","url":"https:\/\/secure.gravatar.com\/avatar\/e1d03f8ce3ebef3b93a587bdf3b7b0210957959a3d8177fabfbb4606d01b30a0?s=96&d=mm&r=g","contentUrl":"https:\/\/secure.gravatar.com\/avatar\/e1d03f8ce3ebef3b93a587bdf3b7b0210957959a3d8177fabfbb4606d01b30a0?s=96&d=mm&r=g","caption":"Max Fruzza"},"url":"https:\/\/www.fronteacciaiocromato.art\/it\/author\/wvfkzzpjprgfjf\/"}]}},"_links":{"self":[{"href":"https:\/\/www.fronteacciaiocromato.art\/it\/wp-json\/wp\/v2\/posts\/3577","targetHints":{"allow":["GET"]}}],"collection":[{"href":"https:\/\/www.fronteacciaiocromato.art\/it\/wp-json\/wp\/v2\/posts"}],"about":[{"href":"https:\/\/www.fronteacciaiocromato.art\/it\/wp-json\/wp\/v2\/types\/post"}],"author":[{"embeddable":true,"href":"https:\/\/www.fronteacciaiocromato.art\/it\/wp-json\/wp\/v2\/users\/2"}],"replies":[{"embeddable":true,"href":"https:\/\/www.fronteacciaiocromato.art\/it\/wp-json\/wp\/v2\/comments?post=3577"}],"version-history":[{"count":0,"href":"https:\/\/www.fronteacciaiocromato.art\/it\/wp-json\/wp\/v2\/posts\/3577\/revisions"}],"wp:featuredmedia":[{"embeddable":true,"href":"https:\/\/www.fronteacciaiocromato.art\/it\/wp-json\/wp\/v2\/media\/3593"}],"wp:attachment":[{"href":"https:\/\/www.fronteacciaiocromato.art\/it\/wp-json\/wp\/v2\/media?parent=3577"}],"wp:term":[{"taxonomy":"category","embeddable":true,"href":"https:\/\/www.fronteacciaiocromato.art\/it\/wp-json\/wp\/v2\/categories?post=3577"},{"taxonomy":"post_tag","embeddable":true,"href":"https:\/\/www.fronteacciaiocromato.art\/it\/wp-json\/wp\/v2\/tags?post=3577"}],"curies":[{"name":"wp","href":"https:\/\/api.w.org\/{rel}","templated":true}]}}